{"id":112529,"date":"2025-12-21T06:38:09","date_gmt":"2025-12-21T06:38:09","guid":{"rendered":"https:\/\/www.europesays.com\/se\/112529\/"},"modified":"2025-12-21T06:38:09","modified_gmt":"2025-12-21T06:38:09","slug":"venezuela-anklagar-usa-for-stold","status":"publish","type":"post","link":"https:\/\/www.europesays.com\/se\/112529\/","title":{"rendered":"Venezuela anklagar USA f\u00f6r st\u00f6ld"},"content":{"rendered":"<p>Venezuela anklagar USA f\u00f6r \u201dst\u00f6ld och kidnappning\u201d sedan landet bordat ett oljefartyg. <\/p>\n<p>\u201dDe h\u00e4r handlingarna kommer inte att g\u00e5 ostraffade\u201d, uppges i ett regeringsuttalande publicerat av vicepresident Delcy Rodriguez p\u00e5 sociala medier. <\/p>\n<p>Amerikanska styrkor bordade under l\u00f6rdagen ett handelsfartyg utanf\u00f6r Venezuelas kust. <\/p>\n<p>Det \u00e4r andra g\u00e5ngen p\u00e5 tv\u00e5 veckor som ett handelsfartyg har stoppats av USA:s milit\u00e4r. <\/p>\n","protected":false},"excerpt":{"rendered":"Venezuela anklagar USA f\u00f6r \u201dst\u00f6ld och kidnappning\u201d sedan landet bordat ett oljefartyg. \u201dDe h\u00e4r handlingarna kommer inte att&hellip;\n","protected":false},"author":2,"featured_media":793,"comment_status":"","ping_status":"","sticky":false,"template":"","format":"standard","meta":{"footnotes":""},"categories":[14],"tags":[22,23,26,27,17,21,24,25,28,29,15,16,18,34,31,33,32,30,19,20,51,52,53,54],"class_list":{"0":"post-112529","1":"post","2":"type-post","3":"status-publish","4":"format-standard","5":"has-post-thumbnail","7":"category-varlden","8":"tag-breaking-news","9":"tag-breakingnews","10":"tag-featured-news","11":"tag-featurednews","12":"tag-headlines","13":"tag-huvudnyheter","14":"tag-latest-news","15":"tag-latestnews","16":"tag-main-news","17":"tag-mainnews","18":"tag-news","19":"tag-nyheter","20":"tag-rubriker","21":"tag-se","22":"tag-svenska","23":"tag-sverige","24":"tag-sweden","25":"tag-swedish","26":"tag-top-stories","27":"tag-topstories","28":"tag-varlden","29":"tag-world","30":"tag-world-news","31":"tag-worldnews"},"share_on_mastodon":{"url":"https:\/\/pubeurope.com\/@se\/115756184728319408","error":""},"_links":{"self":[{"href":"https:\/\/www.europesays.com\/se\/wp-json\/wp\/v2\/posts\/112529","targetHints":{"allow":["GET"]}}],"collection":[{"href":"https:\/\/www.europesays.com\/se\/wp-json\/wp\/v2\/posts"}],"about":[{"href":"https:\/\/www.europesays.com\/se\/wp-json\/wp\/v2\/types\/post"}],"author":[{"embeddable":true,"href":"https:\/\/www.europesays.com\/se\/wp-json\/wp\/v2\/users\/2"}],"replies":[{"embeddable":true,"href":"https:\/\/www.europesays.com\/se\/wp-json\/wp\/v2\/comments?post=112529"}],"version-history":[{"count":0,"href":"https:\/\/www.europesays.com\/se\/wp-json\/wp\/v2\/posts\/112529\/revisions"}],"wp:featuredmedia":[{"embeddable":true,"href":"https:\/\/www.europesays.com\/se\/wp-json\/wp\/v2\/media\/793"}],"wp:attachment":[{"href":"https:\/\/www.europesays.com\/se\/wp-json\/wp\/v2\/media?parent=112529"}],"wp:term":[{"taxonomy":"category","embeddable":true,"href":"https:\/\/www.europesays.com\/se\/wp-json\/wp\/v2\/categories?post=112529"},{"taxonomy":"post_tag","embeddable":true,"href":"https:\/\/www.europesays.com\/se\/wp-json\/wp\/v2\/tags?post=112529"}],"curies":[{"name":"wp","href":"https:\/\/api.w.org\/{rel}","templated":true}]}}