{"id":112535,"date":"2025-12-21T06:51:30","date_gmt":"2025-12-21T06:51:30","guid":{"rendered":"https:\/\/www.europesays.com\/se\/112535\/"},"modified":"2025-12-21T06:51:30","modified_gmt":"2025-12-21T06:51:30","slug":"kovacs-och-ronnqvist-talar-ut-om-konflikten","status":"publish","type":"post","link":"https:\/\/www.europesays.com\/se\/112535\/","title":{"rendered":"Kovacs och R\u00f6nnqvist talar ut om konflikten"},"content":{"rendered":"<p>Det kan inte vara m\u00e5nga i hockey-Sverige som missat de senaste dagarnas turbulens efter att Robin Kovacs under matchen mot Djurg\u00e5rden i torsdags visade l\u00e5ngfingret mot Djurg\u00e5rdsklacken \u2013 och sedermera st\u00e4ngdes av i tv\u00e5 matcher.Gesten fick experten Petter R\u00f6nnqvist att reagera och tyckte att det var &#8221;lite \u00f6ver gr\u00e4nsen&#8221; och &#8221;larvigt&#8221;.&#8217;Varp\u00e5 Kovacs svarade och till Corre<\/p>\n","protected":false},"excerpt":{"rendered":"Det kan inte vara m\u00e5nga i hockey-Sverige som missat de senaste dagarnas turbulens efter att Robin Kovacs under&hellip;\n","protected":false},"author":2,"featured_media":112536,"comment_status":"","ping_status":"","sticky":false,"template":"","format":"standard","meta":{"footnotes":""},"categories":[68],"tags":[34,111,110,31,33,32,30],"class_list":{"0":"post-112535","1":"post","2":"type-post","3":"status-publish","4":"format-standard","5":"has-post-thumbnail","7":"category-sport","8":"tag-se","9":"tag-sport","10":"tag-sports","11":"tag-svenska","12":"tag-sverige","13":"tag-sweden","14":"tag-swedish"},"share_on_mastodon":{"url":"https:\/\/pubeurope.com\/@se\/115756235713223901","error":""},"_links":{"self":[{"href":"https:\/\/www.europesays.com\/se\/wp-json\/wp\/v2\/posts\/112535","targetHints":{"allow":["GET"]}}],"collection":[{"href":"https:\/\/www.europesays.com\/se\/wp-json\/wp\/v2\/posts"}],"about":[{"href":"https:\/\/www.europesays.com\/se\/wp-json\/wp\/v2\/types\/post"}],"author":[{"embeddable":true,"href":"https:\/\/www.europesays.com\/se\/wp-json\/wp\/v2\/users\/2"}],"replies":[{"embeddable":true,"href":"https:\/\/www.europesays.com\/se\/wp-json\/wp\/v2\/comments?post=112535"}],"version-history":[{"count":0,"href":"https:\/\/www.europesays.com\/se\/wp-json\/wp\/v2\/posts\/112535\/revisions"}],"wp:featuredmedia":[{"embeddable":true,"href":"https:\/\/www.europesays.com\/se\/wp-json\/wp\/v2\/media\/112536"}],"wp:attachment":[{"href":"https:\/\/www.europesays.com\/se\/wp-json\/wp\/v2\/media?parent=112535"}],"wp:term":[{"taxonomy":"category","embeddable":true,"href":"https:\/\/www.europesays.com\/se\/wp-json\/wp\/v2\/categories?post=112535"},{"taxonomy":"post_tag","embeddable":true,"href":"https:\/\/www.europesays.com\/se\/wp-json\/wp\/v2\/tags?post=112535"}],"curies":[{"name":"wp","href":"https:\/\/api.w.org\/{rel}","templated":true}]}}