{"id":112540,"date":"2025-12-21T06:59:20","date_gmt":"2025-12-21T06:59:20","guid":{"rendered":"https:\/\/www.europesays.com\/se\/112540\/"},"modified":"2025-12-21T06:59:20","modified_gmt":"2025-12-21T06:59:20","slug":"kim-ganevik-tillbaka-i-nyhemshallen-som-motstandare","status":"publish","type":"post","link":"https:\/\/www.europesays.com\/se\/112540\/","title":{"rendered":"Kim Ganevik tillbaka i Nyhemshallen som motst\u00e5ndare"},"content":{"rendered":"<p>Mullsj\u00f6 borta en l\u00f6rdag i december. F\u00f6r m\u00e5nga en match i m\u00e4ngden, men f\u00f6r Visby IBK:s po\u00e4ngkung Kim Ganevik blir det ett speciellt m\u00f6te.Det var i Mullsj\u00f6 som Kim Ganevik slog igenom och v\u00e4xte till en klubbikon.\u2013 Det g\u00e5r v\u00e4l att l\u00e5tsas som att det inte \u00e4r det men det \u00e4r klart att det \u00e4r speciellt att komma tillbaka. Jag har \u00e4nd\u00e5 spenderat halva mitt liv d\u00e4r, s\u00e4ger 32-\u00e5<\/p>\n","protected":false},"excerpt":{"rendered":"Mullsj\u00f6 borta en l\u00f6rdag i december. F\u00f6r m\u00e5nga en match i m\u00e4ngden, men f\u00f6r Visby IBK:s po\u00e4ngkung Kim&hellip;\n","protected":false},"author":2,"featured_media":112541,"comment_status":"","ping_status":"","sticky":false,"template":"","format":"standard","meta":{"footnotes":""},"categories":[68],"tags":[34,111,110,31,33,32,30],"class_list":{"0":"post-112540","1":"post","2":"type-post","3":"status-publish","4":"format-standard","5":"has-post-thumbnail","7":"category-sport","8":"tag-se","9":"tag-sport","10":"tag-sports","11":"tag-svenska","12":"tag-sverige","13":"tag-sweden","14":"tag-swedish"},"share_on_mastodon":{"url":"https:\/\/pubeurope.com\/@se\/115756267075757717","error":""},"_links":{"self":[{"href":"https:\/\/www.europesays.com\/se\/wp-json\/wp\/v2\/posts\/112540","targetHints":{"allow":["GET"]}}],"collection":[{"href":"https:\/\/www.europesays.com\/se\/wp-json\/wp\/v2\/posts"}],"about":[{"href":"https:\/\/www.europesays.com\/se\/wp-json\/wp\/v2\/types\/post"}],"author":[{"embeddable":true,"href":"https:\/\/www.europesays.com\/se\/wp-json\/wp\/v2\/users\/2"}],"replies":[{"embeddable":true,"href":"https:\/\/www.europesays.com\/se\/wp-json\/wp\/v2\/comments?post=112540"}],"version-history":[{"count":0,"href":"https:\/\/www.europesays.com\/se\/wp-json\/wp\/v2\/posts\/112540\/revisions"}],"wp:featuredmedia":[{"embeddable":true,"href":"https:\/\/www.europesays.com\/se\/wp-json\/wp\/v2\/media\/112541"}],"wp:attachment":[{"href":"https:\/\/www.europesays.com\/se\/wp-json\/wp\/v2\/media?parent=112540"}],"wp:term":[{"taxonomy":"category","embeddable":true,"href":"https:\/\/www.europesays.com\/se\/wp-json\/wp\/v2\/categories?post=112540"},{"taxonomy":"post_tag","embeddable":true,"href":"https:\/\/www.europesays.com\/se\/wp-json\/wp\/v2\/tags?post=112540"}],"curies":[{"name":"wp","href":"https:\/\/api.w.org\/{rel}","templated":true}]}}