{"id":112543,"date":"2025-12-21T07:05:10","date_gmt":"2025-12-21T07:05:10","guid":{"rendered":"https:\/\/www.europesays.com\/se\/112543\/"},"modified":"2025-12-21T07:05:10","modified_gmt":"2025-12-21T07:05:10","slug":"lansstyrelsen-overklagar-dom-om-stoppad-licensjakt-pa-varg","status":"publish","type":"post","link":"https:\/\/www.europesays.com\/se\/112543\/","title":{"rendered":"L\u00e4nsstyrelsen \u00f6verklagar dom om stoppad licensjakt p\u00e5 varg"},"content":{"rendered":"<p class=\"normal\">L\u00e4nsstyrelserna beslutade i november om vinterns licensjakt p\u00e5 varg, som skulle ha startat den 2 januari. Besluten \u00f6verklagades, och den 15 december meddelade F\u00f6rvaltningsr\u00e4tten i Lule\u00e5 att den upph\u00e4ver l\u00e4nsstyrelsernas beslut. I och med det \u00e4r jakten tills vidare stoppad.<\/p>\n<p class=\"normal\">L\u00e4nsstyrelsen yrkar att Kammarr\u00e4tten \u00e4ndrar f\u00f6rvaltningsr\u00e4ttens dom och fastst\u00e4ller L\u00e4nsstyrelsens beslut.<\/p>\n<p class=\"normal\">\u2013 Vi avvaktar nu besked fr\u00e5n Kammarr\u00e4tten om den beviljar pr\u00f6vningstillst\u00e5nd, innan vi kan s\u00e4ga n\u00e5got mer om processen fram\u00e5t, s\u00e4ger Emma Sch\u00f6n Kvasteg\u00e5rd, vilthandl\u00e4ggare.<\/p>\n<p class=\"sv-font-brodtext-med-bla-lankning\"><a href=\"https:\/\/www.lansstyrelsen.se\/download\/18.42fea26019b2bf9219c18dea\/1766157162022\/%C3%96verklagande%20av%20F%C3%B6rvaltningsr%C3%A4ttens%20beslut.pdf\" rel=\"nofollow noopener\" target=\"_blank\">L\u00e4s v\u00e5r \u00f6verklagan till Kammarr\u00e4tten pdf, 67.2 kB.<\/a><\/p>\n","protected":false},"excerpt":{"rendered":"L\u00e4nsstyrelserna beslutade i november om vinterns licensjakt p\u00e5 varg, som skulle ha startat den 2 januari. Besluten \u00f6verklagades,&hellip;\n","protected":false},"author":2,"featured_media":112544,"comment_status":"","ping_status":"","sticky":false,"template":"","format":"standard","meta":{"footnotes":""},"categories":[12],"tags":[22,23,26,27,17,21,24,25,28,29,15,16,18,34,31,33,32,30,19,20],"class_list":{"0":"post-112543","1":"post","2":"type-post","3":"status-publish","4":"format-standard","5":"has-post-thumbnail","7":"category-sverige","8":"tag-breaking-news","9":"tag-breakingnews","10":"tag-featured-news","11":"tag-featurednews","12":"tag-headlines","13":"tag-huvudnyheter","14":"tag-latest-news","15":"tag-latestnews","16":"tag-main-news","17":"tag-mainnews","18":"tag-news","19":"tag-nyheter","20":"tag-rubriker","21":"tag-se","22":"tag-svenska","23":"tag-sverige","24":"tag-sweden","25":"tag-swedish","26":"tag-top-stories","27":"tag-topstories"},"share_on_mastodon":{"url":"https:\/\/pubeurope.com\/@se\/115756290692086865","error":""},"_links":{"self":[{"href":"https:\/\/www.europesays.com\/se\/wp-json\/wp\/v2\/posts\/112543","targetHints":{"allow":["GET"]}}],"collection":[{"href":"https:\/\/www.europesays.com\/se\/wp-json\/wp\/v2\/posts"}],"about":[{"href":"https:\/\/www.europesays.com\/se\/wp-json\/wp\/v2\/types\/post"}],"author":[{"embeddable":true,"href":"https:\/\/www.europesays.com\/se\/wp-json\/wp\/v2\/users\/2"}],"replies":[{"embeddable":true,"href":"https:\/\/www.europesays.com\/se\/wp-json\/wp\/v2\/comments?post=112543"}],"version-history":[{"count":0,"href":"https:\/\/www.europesays.com\/se\/wp-json\/wp\/v2\/posts\/112543\/revisions"}],"wp:featuredmedia":[{"embeddable":true,"href":"https:\/\/www.europesays.com\/se\/wp-json\/wp\/v2\/media\/112544"}],"wp:attachment":[{"href":"https:\/\/www.europesays.com\/se\/wp-json\/wp\/v2\/media?parent=112543"}],"wp:term":[{"taxonomy":"category","embeddable":true,"href":"https:\/\/www.europesays.com\/se\/wp-json\/wp\/v2\/categories?post=112543"},{"taxonomy":"post_tag","embeddable":true,"href":"https:\/\/www.europesays.com\/se\/wp-json\/wp\/v2\/tags?post=112543"}],"curies":[{"name":"wp","href":"https:\/\/api.w.org\/{rel}","templated":true}]}}