{"id":112575,"date":"2025-12-21T08:18:16","date_gmt":"2025-12-21T08:18:16","guid":{"rendered":"https:\/\/www.europesays.com\/se\/112575\/"},"modified":"2025-12-21T08:18:16","modified_gmt":"2025-12-21T08:18:16","slug":"21-december-03-13-narkotikabrott-vasteras","status":"publish","type":"post","link":"https:\/\/www.europesays.com\/se\/112575\/","title":{"rendered":"21 december 03.13, Narkotikabrott, V\u00e4ster\u00e5s"},"content":{"rendered":"<p>Under kv\u00e4llen och natten har polisen hanterat ett st\u00f6rre antal narkotikabrott i V\u00e4ster\u00e5s.<\/p>\n<p><strong>Klockan 19.18<\/strong> kastar n\u00e5gra personer sm\u00e4llare mot en polispatrull p\u00e5 R\u00e5by i V\u00e4ster\u00e5s. I samband med detta kontrolleras flera unga personer, varav en 15-\u00e5rig pojke som blir misst\u00e4nkt f\u00f6r ringa narkotikabrott. Pojken h\u00e4mtas av v\u00e5rdnadshavare p\u00e5 polisstationen.<\/p>\n<p><strong>Klockan 19.27 <\/strong>antr\u00e4ffas och kontrolleras en 16-\u00e5rig pojke p\u00e5 \u00d6ster M\u00e4larstrand som blir misst\u00e4nkt f\u00f6r ringa narkotikabrott. V\u00e5rdnadshavare kontaktas.<\/p>\n<p><strong>Klockan 19.36 <\/strong>ringer en allm\u00e4nhet p\u00e5 Nordanby polisen med anledning av ett misst\u00e4nkt br\u00e5kmellan en man och en kvinna. N\u00e4r polis kommer till platsen visar det sig vara ett verbalt br\u00e5k. En av personerna, en man i 30-\u00e5rs\u00e5ldern, blir misst\u00e4nkt f\u00f6r ringanarkotikabrott.<\/p>\n<p><strong>Klockan 23.40 <\/strong>antr\u00e4ffar en polispatrull tv\u00e5 personer med narkotika utanf\u00f6r en restaurang p\u00e5 Stora torget i centrala V\u00e4ster\u00e5s. De b\u00e5da personerna, en man i 20-\u00e5rs\u00e5ldern och en man i 25-\u00e5rs\u00e5ldern, blir misst\u00e4nkta f\u00f6r narkotikabrott, innehav.<\/p>\n<p><strong>Klockan 01.03 <\/strong>p\u00e5 Sigmatorget blir en man i 25-\u00e5rs\u00e5ldern misst\u00e4nkt f\u00f6r ringa narkotikabrott efter att en provtagning visat positivt p\u00e5 kokain.<\/p>\n<p><strong>Klockan 02.38<\/strong> p\u00e5 \u00d6stra L\u00e5ngggatan kontrolleras en man i 35-\u00e5rs\u00e5ldern som blir misst\u00e4nkt f\u00f6r ringa narkotikabrott, eget bruk.<\/p>\n<p><strong>Klockan 03.13<\/strong> kontaktas polisen av en ordningsvakt p\u00e5 en restaurang p\u00e5 Stora torget g\u00e4llande ett misst\u00e4nkt narkotikabrott. En man i 45-\u00e5rs\u00e5ldern blir misst\u00e4nkt f\u00f6r ringa narkotikabrott, eget bruk.<\/p>\n","protected":false},"excerpt":{"rendered":"Under kv\u00e4llen och natten har polisen hanterat ett st\u00f6rre antal narkotikabrott i V\u00e4ster\u00e5s. Klockan 19.18 kastar n\u00e5gra personer&hellip;\n","protected":false},"author":2,"featured_media":54,"comment_status":"","ping_status":"","sticky":false,"template":"","format":"standard","meta":{"footnotes":""},"categories":[12],"tags":[22,23,26,27,17,21,24,25,28,29,15,16,18,34,31,33,32,30,19,20],"class_list":{"0":"post-112575","1":"post","2":"type-post","3":"status-publish","4":"format-standard","5":"has-post-thumbnail","7":"category-sverige","8":"tag-breaking-news","9":"tag-breakingnews","10":"tag-featured-news","11":"tag-featurednews","12":"tag-headlines","13":"tag-huvudnyheter","14":"tag-latest-news","15":"tag-latestnews","16":"tag-main-news","17":"tag-mainnews","18":"tag-news","19":"tag-nyheter","20":"tag-rubriker","21":"tag-se","22":"tag-svenska","23":"tag-sverige","24":"tag-sweden","25":"tag-swedish","26":"tag-top-stories","27":"tag-topstories"},"share_on_mastodon":{"url":"https:\/\/pubeurope.com\/@se\/115756577754873022","error":""},"_links":{"self":[{"href":"https:\/\/www.europesays.com\/se\/wp-json\/wp\/v2\/posts\/112575","targetHints":{"allow":["GET"]}}],"collection":[{"href":"https:\/\/www.europesays.com\/se\/wp-json\/wp\/v2\/posts"}],"about":[{"href":"https:\/\/www.europesays.com\/se\/wp-json\/wp\/v2\/types\/post"}],"author":[{"embeddable":true,"href":"https:\/\/www.europesays.com\/se\/wp-json\/wp\/v2\/users\/2"}],"replies":[{"embeddable":true,"href":"https:\/\/www.europesays.com\/se\/wp-json\/wp\/v2\/comments?post=112575"}],"version-history":[{"count":0,"href":"https:\/\/www.europesays.com\/se\/wp-json\/wp\/v2\/posts\/112575\/revisions"}],"wp:featuredmedia":[{"embeddable":true,"href":"https:\/\/www.europesays.com\/se\/wp-json\/wp\/v2\/media\/54"}],"wp:attachment":[{"href":"https:\/\/www.europesays.com\/se\/wp-json\/wp\/v2\/media?parent=112575"}],"wp:term":[{"taxonomy":"category","embeddable":true,"href":"https:\/\/www.europesays.com\/se\/wp-json\/wp\/v2\/categories?post=112575"},{"taxonomy":"post_tag","embeddable":true,"href":"https:\/\/www.europesays.com\/se\/wp-json\/wp\/v2\/tags?post=112575"}],"curies":[{"name":"wp","href":"https:\/\/api.w.org\/{rel}","templated":true}]}}