{"id":112580,"date":"2025-12-21T08:29:10","date_gmt":"2025-12-21T08:29:10","guid":{"rendered":"https:\/\/www.europesays.com\/se\/112580\/"},"modified":"2025-12-21T08:29:10","modified_gmt":"2025-12-21T08:29:10","slug":"maxim-slogs-blodig-pa-jobbet","status":"publish","type":"post","link":"https:\/\/www.europesays.com\/se\/112580\/","title":{"rendered":"Maxim slogs blodig p\u00e5 jobbet."},"content":{"rendered":"<p>Det \u00e4r v\u00e4l ingen som minns den korta nyhetstexten fr\u00e5n TT. Den uppf\u00f6ljande artikeln i Aftonbladet fl\u00f6t ensam i mediefl\u00f6det.<\/p>\n<p>I slutet av mars 2023 slogs Bildbyr\u00e5ns Maxim Thor\u00e9 omkull av en inkastad stol och fick blodig f\u00f6ras till sjukhus med ambulans.<\/p>\n<p><strong>Inga politiker rasade.<\/strong> Inga debatt\u00f6rer konstaterade att de aldrig skulle ta med sina barn p\u00e5 fotboll. Avbryta matchen? Fanns inte p\u00e5 kartan.<\/p>\n<p>Att det inte blev en st\u00f6rre nyhetsh\u00e4ndelse berodde p\u00e5 att:<\/p>\n<p>1) Det var inga allsvenska fans inblandade. Det var Sverige och Azerbajdzjan som EM-kvalade i Solna.<\/p>\n<p>2) Det var inga vanliga \u00e5sk\u00e5dare som drabbades.<\/p>\n<p>3) Det var ingen spelare, domare eller ledare som tr\u00e4ffades.<\/p>\n<p>4) Det var bara en fotograf som var p\u00e5 matchen f\u00f6r att g\u00f6ra sitt jobb och d\u00e5 \u00e4r uppenbarligen en axelryckning den reaktion som ska f\u00f6lja.<\/p>\n<p>          <img decoding=\"async\" class=\"picture__img\" src=\"https:\/\/www.europesays.com\/se\/wp-content\/uploads\/2025\/12\/e4c1cfd8-c44a-49fc-8087-7412c7743adb.jpeg\"   alt=\"Sjukv\u00e5rdare tar hand om fotografen Maxim Thor\u00e9 som tr\u00e4ffats av en inkastad stol.\"\/><\/p>\n<p>      Sjukv\u00e5rdare tar hand om fotografen Maxim Thor\u00e9 som tr\u00e4ffats av en inkastad stol.<\/p>\n<p>      Foto: Jesper Zerman\/Bildbyr\u00e5n<\/p>\n<p>Listan \u00f6ver fotografer som skadats n\u00e4r de pl\u00e5tat fotboll i Sverige kan g\u00f6ras sorgligt l\u00e5ng.<\/p>\n<blockquote class=\"ds-quote\">\n<p>    Det forts\u00e4tter att kastas in saker som skadar.\n  <\/p><\/blockquote>\n<p>Svenska sportjournalistf\u00f6rbundet har arbetat h\u00e5rt f\u00f6r att g\u00f6ra arbetsmilj\u00f6n s\u00e4krare men det forts\u00e4tter att kastas in saker som skadar.<\/p>\n<p><strong>I det h\u00e4r fallet fick historien<\/strong> en ov\u00e4ntad del tv\u00e5. Tack vare en polis som brydde sig och kom ih\u00e5g.<\/p>\n<p>I november 2024 spelade svenska herrlandslaget hemma mot Azerbajdzjan igen. Polismannen mindes h\u00e4ndelsen fr\u00e5n f\u00f6rra matchen. Tog fram de bilder som fanns p\u00e5 den stolkastande mannen och bad kameraoperat\u00f6ren p\u00e5 arenan att h\u00e5lla koll p\u00e5 klacken med de azeriska fansen.<\/p>\n<p><strong>Kanske kunde mannen finnas d\u00e4r igen?<\/strong><\/p>\n<p>Det blev tr\u00e4ff. D\u00e4r stod han.<\/p>\n<p>Den d\u00e5 31-\u00e5rige mannen som bor i en mellanstor, svensk stad kunde gripas.<\/p>\n<blockquote class=\"ds-quote\">\n<p>    N\u00e4r idrotten g\u00f6rs till en politisk scen drabbar de alltid dem som inte har med saken att g\u00f6ra.\n  <\/p><\/blockquote>\n<p>Och med tanke p\u00e5 den debatt som p\u00e5g\u00e5tt under \u00e5ret och att det enligt vissa \u00e4r en demokratisk r\u00e4ttighet att f\u00e5 maskera sig n\u00e4r man \u00e4r p\u00e5 fotboll \u00e4r det bara att konstatera:<\/p>\n<p>Stolkastaren hade aldrig \u00e5kt fast om han varit maskerad.<\/p>\n<p>          <img decoding=\"async\" class=\"picture__img\" src=\"https:\/\/www.europesays.com\/se\/wp-content\/uploads\/2025\/12\/0767f912-e2b0-44f5-a700-f57cd1a0d4f4.jpeg\"   alt=\"Sverige vann matchen mot Azerbajdzjan 2023 men f\u00f6r fotografen Maxim Thor\u00e9 slutade matchen i ambulans.\"\/><\/p>\n<p>      Sverige vann matchen mot Azerbajdzjan 2023 men f\u00f6r fotografen Maxim Thor\u00e9 slutade matchen i ambulans.<\/p>\n<p>      Foto: Maxim Thor\u00e9\/Bildbyr\u00e5n<\/p>\n<p><strong>Stolkastaren \u00e4r ocks\u00e5 en p\u00e5minnelse<\/strong> om att n\u00e4r idrotten g\u00f6rs till en politisk scen drabbar det alltid dem som inte har med saken att g\u00f6ra.<\/p>\n<p>Stolkastaren skyllde i polisf\u00f6rh\u00f6r p\u00e5 att han och hans landsm\u00e4n p\u00e5 l\u00e4ktarna hade blivit f\u00f6rbannade p\u00e5 ett politiskt budskap.<\/p>\n<p><strong>Hetsade den svenska klacken?<\/strong><\/p>\n<p>Nej, nej. Det var tydligen armenier som tyckte att en fotbollsmatch i Sverige var en bra plats att se till att den gamla konflikten blossade upp.<\/p>\n<blockquote class=\"ds-quote\">\n<p>    Han ville f\u00e5 domaren att bl\u00e5sa av matchen och att banderollen skulle uppm\u00e4rksammas och avl\u00e4gsnas.\n  <\/p><\/blockquote>\n<p>31-\u00e5ringen erk\u00e4nde i f\u00f6rh\u00f6r att han kastat stolen. Han ville f\u00e5 domaren att bl\u00e5sa av matchen och att banderollen skulle uppm\u00e4rksammas och avl\u00e4gsnas.<\/p>\n<p><strong>I konversation med en kompis<\/strong> p\u00e5 sociala medier skrev han efter\u00e5t att han velat tr\u00e4ffa en polis i huvudet. I polisf\u00f6rh\u00f6r sade han senare att han inte menat allvar. Nu p\u00e5stod han att han inte velat skada n\u00e5gon.<\/p>\n<p>Det gjorde han.<\/p>\n<blockquote class=\"ds-quote\">\n<p>    Med tanke p\u00e5 avst\u00e5ndet var stolens faktiska vikt mer \u00e4n 900 kilo n\u00e4r den tr\u00e4ffade.\n  <\/p><\/blockquote>\n<p>Stolen som n\u00e5gon (oklart vem) slitit loss och 31-\u00e5ringen kastade v\u00e4gde 4,7 kilo. Maxim Thor\u00e9s m\u00e5ls\u00e4garbitr\u00e4de r\u00e4knade ut att med tanke p\u00e5 avst\u00e5ndet var kraften i sm\u00e4llen n\u00e4r stolen tr\u00e4ffade Maxim Thor\u00e9s huvud mer \u00e4n 900 kilo.<\/p>\n<p>Bildbyr\u00e5ns fotograf hann inte se att n\u00e5got kom flygande. Han k\u00e4nde bara hur det sm\u00e4llde till. N\u00e4r han l\u00e5g p\u00e5 marken och f\u00f6rsta chocken lagt sig f\u00f6rstod han vad som h\u00e4nt.<\/p>\n<p><strong>Han kom undan med ett blodigt s\u00e5r<\/strong> i huvudet, hj\u00e4rnskakning och fem dagars s\u00e4ngliggande.<\/p>\n<p>Det kan bara kallas \u00e4nglavakt.<\/p>\n<p>I november var b\u00e5de jag och Maxim i G\u00e4llivare f\u00f6r skidornas svenska l\u00e4ngdpremi\u00e4r. N\u00e5gon dag senare var hans fall uppe i r\u00e4tten och f\u00f6rra veckan kom domen.<\/p>\n<p>31-\u00e5ringen d\u00f6mdes f\u00f6r misshandel. Enligt tingsr\u00e4tten \u00e4r straffm\u00e4tningsv\u00e4rdet tre m\u00e5naders f\u00e4ngelse men eftersom han \u00e4r tidigare ostraffad och \u201dmed h\u00e4nsyn till omst\u00e4ndigheterna vid g\u00e4rningen\u201d (det d\u00e4r att han inte varit ute efter att skada) blev det villkorlig dom och h\u00f6ga dagsb\u00f6ter, 42 000 kronor.<\/p>\n<p>Men Maxim Thor\u00e9, han fick inget skadest\u00e5nd.<\/p>\n<p>          <img decoding=\"async\" class=\"picture__img\" src=\"https:\/\/www.europesays.com\/se\/wp-content\/uploads\/2025\/12\/5b473dd9-1ca3-4d0e-b027-c08b45ae4516.jpeg\"   alt=\"Maxim Thor\u00e9 i Davos i samband med f\u00f6rra helgens skidt\u00e4vlingar.\"\/><\/p>\n<p>      Maxim Thor\u00e9 i Davos i samband med f\u00f6rra helgens skidt\u00e4vlingar.<\/p>\n<p>      Foto: Privat<\/p>\n<p><strong>Den m\u00e4rkliga motiveringen<\/strong> var att han redan hade f\u00e5tt ers\u00e4ttning av sitt f\u00f6rs\u00e4kringsbolag.<\/p>\n<blockquote class=\"ds-quote\">\n<p>    F\u00f6re varje landskamp sker en s\u00e4kerhetsgenomg\u00e5ng med fotograferna.\n  <\/p><\/blockquote>\n<p>Maxim Thor\u00e9 har efter h\u00e4ndelsen funderat p\u00e5 hur mycket v\u00e4rre det kunde ha g\u00e5tt n\u00e4r han tr\u00e4ffades. Han har \u00e4nd\u00e5 fortsatt att pl\u00e5ta fotboll med risken i ryggen.<\/p>\n<p>Efter attacken som drabbade Maxim Thor\u00e9 har Svenska fotbollf\u00f6rbundet \u00e4ndrat rutinerna. F\u00f6re varje landskamp sker en s\u00e4kerhetsgenomg\u00e5ng med fotograferna som ska jobba p\u00e5 matchen.<\/p>\n<p>Klubbarna som har h\u00f6griskmatcher, d\u00e5?<\/p>\n<p>Nope.<\/p>\n<p>          <img decoding=\"async\" class=\"picture__img\" src=\"https:\/\/www.europesays.com\/se\/wp-content\/uploads\/2025\/12\/df40a54d-5050-4fcd-96f1-d3e1e3e97004.jpeg\"   alt=\"Bildbyr\u00e5ns fotograf Maxim Thor\u00e9 visste var och n\u00e4r det skulle kastas in bangers i derbyt Hammarby\u2013Djurg\u00e5rden som br\u00f6ts och spelades klart dagen efter.\"\/><\/p>\n<p>      Bildbyr\u00e5ns fotograf Maxim Thor\u00e9 visste var och n\u00e4r det skulle kastas in bangers i derbyt Hammarby\u2013Djurg\u00e5rden som br\u00f6ts och spelades klart dagen efter.<\/p>\n<p>      Foto: Maxim Thor\u00e9\/Bildbyr\u00e5n<\/p>\n<p><strong>D\u00e4r f\u00e5r varje fotograf sj\u00e4lv se till<\/strong> att ha koll. Maxim Thor\u00e9 anv\u00e4nder sig av de kontakter han har bland supportrar f\u00f6r att ta reda p\u00e5 var faran kan finnas.<\/p>\n<p>Den kunskapen har s\u00e4llan bollkallar eller andra personer som befinner sig mellan planen och l\u00e4ktarna. Ofta med ryggen mot det som h\u00e4nder p\u00e5 l\u00e4ktarna.<\/p>\n<blockquote class=\"ds-quote\">\n<p>    Han visste exakt var och n\u00e4r det skulle sm\u00e4lla.\n  <\/p><\/blockquote>\n<p>2024 kastade Djurg\u00e5rdens fans in bangers s\u00e5 att h\u00f6stderbyt mot Hammarby avbr\u00f6ts och spelades klart inf\u00f6r tomma l\u00e4ktare dagen efter. Maxim Thor\u00e9 var d\u00e4r och jobbade. Han visste exakt var och n\u00e4r det skulle sm\u00e4lla.<\/p>\n<p>Man kan ju tycka att att klubbarna borde ha haft samma koll och kunnat stoppa planerna. Det kanske de hade. Men att smuggla in saker p\u00e5 l\u00e4ktarna \u00e4r inte det sv\u00e5raste som finns i svensk idrott.<\/p>\n","protected":false},"excerpt":{"rendered":"Det \u00e4r v\u00e4l ingen som minns den korta nyhetstexten fr\u00e5n TT. Den uppf\u00f6ljande artikeln i Aftonbladet fl\u00f6t ensam&hellip;\n","protected":false},"author":2,"featured_media":112581,"comment_status":"","ping_status":"","sticky":false,"template":"","format":"standard","meta":{"footnotes":""},"categories":[68],"tags":[34,111,110,31,33,32,30],"class_list":{"0":"post-112580","1":"post","2":"type-post","3":"status-publish","4":"format-standard","5":"has-post-thumbnail","7":"category-sport","8":"tag-se","9":"tag-sport","10":"tag-sports","11":"tag-svenska","12":"tag-sverige","13":"tag-sweden","14":"tag-swedish"},"share_on_mastodon":{"url":"https:\/\/pubeurope.com\/@se\/115756621347230557","error":""},"_links":{"self":[{"href":"https:\/\/www.europesays.com\/se\/wp-json\/wp\/v2\/posts\/112580","targetHints":{"allow":["GET"]}}],"collection":[{"href":"https:\/\/www.europesays.com\/se\/wp-json\/wp\/v2\/posts"}],"about":[{"href":"https:\/\/www.europesays.com\/se\/wp-json\/wp\/v2\/types\/post"}],"author":[{"embeddable":true,"href":"https:\/\/www.europesays.com\/se\/wp-json\/wp\/v2\/users\/2"}],"replies":[{"embeddable":true,"href":"https:\/\/www.europesays.com\/se\/wp-json\/wp\/v2\/comments?post=112580"}],"version-history":[{"count":0,"href":"https:\/\/www.europesays.com\/se\/wp-json\/wp\/v2\/posts\/112580\/revisions"}],"wp:featuredmedia":[{"embeddable":true,"href":"https:\/\/www.europesays.com\/se\/wp-json\/wp\/v2\/media\/112581"}],"wp:attachment":[{"href":"https:\/\/www.europesays.com\/se\/wp-json\/wp\/v2\/media?parent=112580"}],"wp:term":[{"taxonomy":"category","embeddable":true,"href":"https:\/\/www.europesays.com\/se\/wp-json\/wp\/v2\/categories?post=112580"},{"taxonomy":"post_tag","embeddable":true,"href":"https:\/\/www.europesays.com\/se\/wp-json\/wp\/v2\/tags?post=112580"}],"curies":[{"name":"wp","href":"https:\/\/api.w.org\/{rel}","templated":true}]}}