{"id":112584,"date":"2025-12-21T08:37:12","date_gmt":"2025-12-21T08:37:12","guid":{"rendered":"https:\/\/www.europesays.com\/se\/112584\/"},"modified":"2025-12-21T08:37:12","modified_gmt":"2025-12-21T08:37:12","slug":"mikael-backlund-vill-spela-os-med-tre-kronor","status":"publish","type":"post","link":"https:\/\/www.europesays.com\/se\/112584\/","title":{"rendered":"Mikael Backlund vill spela OS med Tre Kronor"},"content":{"rendered":"<p>Mikael Backlund tv\u00e5m\u00e5lsskytt igen<a data-test-tag=\"internal-link\" href=\"https:\/\/www.aftonbladet.se\/av\/per-bjurman\" class=\"hyperion-css-13ns1rr\" rel=\"nofollow noopener\" target=\"\" aria-label=\"Se alla artiklar av Per Bjurman\"><img decoding=\"async\" class=\"image-asset hyperion-css-n6kkq1\" data-test-tag=\"image-asset\" src=\"https:\/\/www.europesays.com\/se\/wp-content\/uploads\/2025\/12\/1766306230_325_a76ef06d-caf0-4717-9796-06335a97227e\"  alt=\"\"  loading=\"lazy\" fetchpriority=\"auto\" style=\"aspect-ratio:1900 \/ 1900\"\/><\/a>share-arrowDela<\/p>\n<p>unsaveSpara<\/p>\n<p class=\"hyperion-css-1shl3oz\" data-test-tag=\"lead-text\">NEW YORK. Eldsflammorna i Calgary stiger mot himlen igen \u2013 inte minst tack vare svenske kaptenen Mikael Backlund.<\/p>\n<p class=\"hyperion-css-1shl3oz\" data-test-tag=\"lead-text\">Han blev tv\u00e5m\u00e5lsskytt f\u00f6r andra matchen i rad n\u00e4r hans tidigare bottenlag s\u00e4nkte Vegas i natt.<\/p>\n<p class=\"hyperion-css-1shl3oz\" data-test-tag=\"lead-text\">\u2013 Vi b\u00f6rjar hittat tillbaka till k\u00e4nslan vi hade f\u00f6rra \u00e5ret, s\u00e4ger han till Sportbladet efter 6\u20133-segern och ber\u00e4ttar samtidigt att han s\u00e5klart dr\u00f6mmer om att f\u00e5 spela OS.<\/p>\n<p class=\"hyperion-css-1v9qo5x\">S\u00e4songen b\u00f6rjade bedr\u00f6vligt f\u00f6r <a data-test-tag=\"internal-link\" href=\"https:\/\/www.aftonbladet.se\/tagg\/calgary-flames\" class=\"hyperion-css-15jkft9\" rel=\"nofollow noopener\" target=\"\" aria-label=\"Calgary Flames\" theme=\"sportbladet\">Calgary Flames<\/a> och s\u00e5 sent som f\u00f6r bara n\u00e5gra veckor sedan harvade de fortfarande i botten av den v\u00e4stra tabellen.<\/p>\n<p class=\"hyperion-css-1v9qo5x\">Men nu ser det ut som att de lyckats bryta den negativa trenden. De slog Seattle med 4\u20132 i torsdags och f\u00f6ljde upp med en 6\u20133-seger mot divisionsettan Vegas i natt.<\/p>\n<p class=\"hyperion-css-1v9qo5x\">\u2013 Vi spelade bra \u00e4ven i b\u00f6rjan av serien, men det var alltid fem-tio minuter i varje match n\u00e4r vi gjorde enkla misstag och tog m\u00e5nga utvisningar. Vi bytte ocks\u00e5 box play-system inf\u00f6r den h\u00e4r s\u00e4songen och det gick tr\u00f6gt i b\u00f6rjan. Nu har det blivit mer stabilt, vi tar samtidigt f\u00e4rre utvisningar och spelar bra fem mot fem och g\u00f6r mer m\u00e5l. Det \u00e4r en kombination av saker, svarar Mikael Backlund n\u00e4r vi ringer upp och fr\u00e5gar vad det \u00e4r hans lag pl\u00f6tsligt g\u00f6r b\u00e4ttre.<\/p>\n<p>expand-left<\/p>\n<p>helsk\u00e4rm<img decoding=\"async\" class=\"image-asset hyperion-css-u06ts1\" data-test-tag=\"image-asset\" src=\"https:\/\/www.europesays.com\/se\/wp-content\/uploads\/2025\/12\/09c37e41-b070-46e6-a213-90c1d2e04b86\"  alt=\"Mikael Backlund, till h\u00f6ger jublar efter ett av sina tv\u00e5 m\u00e5l mot Vegas. \"  loading=\"eager\" fetchpriority=\"high\" style=\"aspect-ratio:1900 \/ 1206\"\/>Mikael Backlund, till h\u00f6ger jublar efter ett av sina tv\u00e5 m\u00e5l mot Vegas. Foto: Jeff Mcintosh \/ AP<\/p>\n<p class=\"hyperion-css-1v9qo5x\">Han forts\u00e4tter:<\/p>\n<p class=\"hyperion-css-1v9qo5x\">\u2013 N\u00e4r man vinner lite matcher \u00e4r det ju dessutom s\u00e5 att man b\u00f6rjar tro p\u00e5 det och vi hittar s\u00e5 sakteliga tillbaka till k\u00e4nslan vi hade f\u00f6rra \u00e5ret.<\/p>\n<p class=\"hyperion-css-1v9qo5x\">Den 36-\u00e5rige v\u00e4stmanl\u00e4nningen har sj\u00e4lv varit en av de fr\u00e4msta h\u00e4rf\u00f6rarna p\u00e5 slutet. Han gjorde tv\u00e5 m\u00e5l mot Seattle och han gjorde de facto lika m\u00e5nga mot riddarna i natt.<\/p>\n<p class=\"hyperion-css-1v9qo5x\">\u2013 Som hela laget hade jag en seg start f\u00f6rsta fem-sex matcherna, men sedan dess tycker jag att jag spelat stabilt, framf\u00f6rallt defensivt och nu harjag f\u00e5tt lite flyt i offensiven ocks\u00e5. Det \u00e4r kul, man vill alltid hj\u00e4lpa laget att vinna.<\/p>\n<p class=\"hyperion-css-1v9qo5x\">Kanske kan man kalla det OS-form, f\u00f6r var s\u00e5 s\u00e4ker \u2013 veteranen fr\u00e5n V\u00e4ster\u00e5s skulle \u00e4lska att f\u00e5 \u00e5ka med <a data-test-tag=\"internal-link\" href=\"https:\/\/www.aftonbladet.se\/tagg\/tre-kronor\" class=\"hyperion-css-15jkft9\" rel=\"nofollow noopener\" target=\"\" aria-label=\"Tre Kronor\" theme=\"sportbladet\">Tre Kronor<\/a> till Milano i februari och sl\u00e5ss om medaljer.<\/p>\n<p class=\"hyperion-css-1v9qo5x\">\u00a0\u2013 Det \u00e4r sista chansen f\u00f6r mig att spela OS och det vore s\u00e5klart en dr\u00f6m och en \u00e4ra, sl\u00e5r han fast.<\/p>\n<p>H\u00e4ndelserInb\u00f6rdes m\u00f6ten5 senasteTabell<\/p>\n<p>Arena: Scotiabank Saddledome<\/p>\n<ul class=\"eventperiod-eventList_faaa\">\n<li class=\"eventrow-eventRow_630f\">\n<p>B. Coleman <b>M. Backlund\u00a0(1-0)\u00a0<\/b><\/p>\n<p>4&#8242;<\/p>\n<\/li>\n<li class=\"eventrow-eventRow_630f\">\n<p>Y. Kuznetsov <b>A. Klapka\u00a0(2-0)\u00a0<\/b><\/p>\n<p>9&#8242;<\/p>\n<\/li>\n<li class=\"eventrow-eventRow_630f\">\n<p>11&#8242;<\/p>\n<p>M. Stone <b>R. Smith\u00a0(2-1)\u00a0<\/b><\/p>\n<\/li>\n<li class=\"eventrow-eventRow_630f\">\n<p>C. Zary <b>R. Lomberg\u00a0(3-1)\u00a0<\/b><\/p>\n<p>16&#8242;<\/p>\n<\/li>\n<\/ul>\n<ul class=\"eventperiod-eventList_faaa\">\n<li class=\"eventrow-eventRow_630f\">\n<p>M. Weegar <b>M. Backlund\u00a0(4-1)\u00a0<\/b><\/p>\n<p>29&#8242;<\/p>\n<\/li>\n<li class=\"eventrow-eventRow_630f\">\n<p>32&#8242;<\/p>\n<\/li>\n<li class=\"eventrow-eventRow_630f\">\n<p>M. Weegar <b>J. Farabee\u00a0(5-1)\u00a0<\/b><\/p>\n<p>33&#8242;<\/p>\n<\/li>\n<li class=\"eventrow-eventRow_630f\">\n<p>35&#8242;<\/p>\n<p>M. Marner <b>K. Korczak\u00a0(5-2)\u00a0<\/b><\/p>\n<\/li>\n<\/ul>\n<ul class=\"eventperiod-eventList_faaa\">\n<li class=\"eventrow-eventRow_630f\">\n<p>56&#8242;<\/p>\n<\/li>\n<li class=\"eventrow-eventRow_630f\">\n<p>57&#8242;<\/p>\n<p>N. Hanifin <b>M. Stone\u00a0(5-3)\u00a0<\/b><\/p>\n<\/li>\n<li class=\"eventrow-eventRow_630f\">\n<p>60&#8242;<\/p>\n<\/li>\n<\/ul>\n<p><a class=\"default eventsummary-followLink_0f93 hyperion-css-1u8qly9\" href=\"https:\/\/malservice.aftonbladet.se\/match\/_\/713601\/rapport\" target=\"_blank\" rel=\"noopener noreferrer nofollow\" data-test-tag=\"external-link\">L\u00e4s mer p\u00e5 M\u00e5lservicechevron-right<\/a><\/p>\n","protected":false},"excerpt":{"rendered":"Mikael Backlund tv\u00e5m\u00e5lsskytt igenshare-arrowDela unsaveSpara NEW YORK. Eldsflammorna i Calgary stiger mot himlen igen \u2013 inte minst tack&hellip;\n","protected":false},"author":2,"featured_media":112585,"comment_status":"","ping_status":"","sticky":false,"template":"","format":"standard","meta":{"footnotes":""},"categories":[68],"tags":[34,111,110,31,33,32,30],"class_list":{"0":"post-112584","1":"post","2":"type-post","3":"status-publish","4":"format-standard","5":"has-post-thumbnail","7":"category-sport","8":"tag-se","9":"tag-sport","10":"tag-sports","11":"tag-svenska","12":"tag-sverige","13":"tag-sweden","14":"tag-swedish"},"share_on_mastodon":{"url":"https:\/\/pubeurope.com\/@se\/115756652755890801","error":""},"_links":{"self":[{"href":"https:\/\/www.europesays.com\/se\/wp-json\/wp\/v2\/posts\/112584","targetHints":{"allow":["GET"]}}],"collection":[{"href":"https:\/\/www.europesays.com\/se\/wp-json\/wp\/v2\/posts"}],"about":[{"href":"https:\/\/www.europesays.com\/se\/wp-json\/wp\/v2\/types\/post"}],"author":[{"embeddable":true,"href":"https:\/\/www.europesays.com\/se\/wp-json\/wp\/v2\/users\/2"}],"replies":[{"embeddable":true,"href":"https:\/\/www.europesays.com\/se\/wp-json\/wp\/v2\/comments?post=112584"}],"version-history":[{"count":0,"href":"https:\/\/www.europesays.com\/se\/wp-json\/wp\/v2\/posts\/112584\/revisions"}],"wp:featuredmedia":[{"embeddable":true,"href":"https:\/\/www.europesays.com\/se\/wp-json\/wp\/v2\/media\/112585"}],"wp:attachment":[{"href":"https:\/\/www.europesays.com\/se\/wp-json\/wp\/v2\/media?parent=112584"}],"wp:term":[{"taxonomy":"category","embeddable":true,"href":"https:\/\/www.europesays.com\/se\/wp-json\/wp\/v2\/categories?post=112584"},{"taxonomy":"post_tag","embeddable":true,"href":"https:\/\/www.europesays.com\/se\/wp-json\/wp\/v2\/tags?post=112584"}],"curies":[{"name":"wp","href":"https:\/\/api.w.org\/{rel}","templated":true}]}}