{"id":112594,"date":"2025-12-21T08:52:10","date_gmt":"2025-12-21T08:52:10","guid":{"rendered":"https:\/\/www.europesays.com\/se\/112594\/"},"modified":"2025-12-21T08:52:10","modified_gmt":"2025-12-21T08:52:10","slug":"tusentals-koar-for-att-ge-blod-efter-terrorn-i-sydney-vasterbottens-kuriren","status":"publish","type":"post","link":"https:\/\/www.europesays.com\/se\/112594\/","title":{"rendered":"Tusentals k\u00f6ar f\u00f6r att ge blod efter terrorn i Sydney &#8211; V\u00e4sterbottens-Kuriren"},"content":{"rendered":"<ol>\n<li><a href=\"https:\/\/news.google.com\/rss\/articles\/CBMikgFBVV95cUxQNGoyc3F2bmNfY2x0c3U0blliV2VvZ1A3Mk8wZXlraVh5ZDFaY2tKc0p0SDY3a011WFUxdGpFVDlGMmhYLWNMMXNPNkhsWFN4SzZySnRmcXJqOXZUdF9ISkNNakU4NEtyd2hJUkh4czJmTnFsb0NiUUM1bk9wazZibTNrYkRhSTBYWEdWc1NVRDdqUQ?oc=5\" target=\"_blank\" rel=\"nofollow noopener\">Tusentals k\u00f6ar f\u00f6r att ge blod efter terrorn i Sydney<\/a>&nbsp;&nbsp;V\u00e4sterbottens-Kuriren<\/li>\n<li><a href=\"https:\/\/news.google.com\/rss\/articles\/CBMikwFBVV95cUxPdkUtNVZXQW1fQ085UExtYU1RVGJIOWVXX3pPd21mMjIwUHpxTHBWMmNnZXB6R0VPbXVkYXgzSUhaTExFUzZhVnJ0c3g5YkFJeXJVWjludWg5ZU43NDlRSmhoc09PN2JBNVRDenFDb3dDMXFpaHZJX2U5RWlVblNSOTZnVVlPUUZIc1hJLUVvUl9GZ2M?oc=5\" target=\"_blank\" rel=\"nofollow noopener\">Efter d\u00e5det: Bondi-hj\u00e4lten Ahmed blir m\u00e5ngmiljon\u00e4r<\/a>&nbsp;&nbsp;Aftonbladet<\/li>\n<li><a href=\"https:\/\/news.google.com\/rss\/articles\/CBMidkFVX3lxTE5JOEhnUlo4TnhuOTdsS3BVSkxKZzhrSFoxN3pYb2dHMjhLclVJZ3ZFZXVBWGRMc3FjalgtbDM0SnFwUTRieEdGSEdVZFJaOFNOV21nUVF6NzhuTWtsR1g1TjRLc2Rtb29WU01rd0FRZzhXY1ptRUE?oc=5\" target=\"_blank\" rel=\"nofollow noopener\">Polis granskas efter terrord\u00e5det<\/a>&nbsp;&nbsp;SVT Nyheter<\/li>\n<li><a href=\"https:\/\/news.google.com\/rss\/articles\/CBMiiAFBVV95cUxPanZLbFBnU1JtcWFBR18tZmtTZHJFUTNFZl9oNWljZG9qMHo4QlpvYTJ2T1BDQlY3TFpyM2E4WGpOMzZ6OHFGUjBTVFZWdjRUaXFYcWxGd2NVRkc0Rk5WLVQwUHdnY3I2UGtkMTZiZ2cxTWxVUnVPdWI0ZzNaMEpfQlNINng2V0Ra?oc=5\" target=\"_blank\" rel=\"nofollow noopener\">Olivia, 26, k\u00f6ar f\u00f6r att ge blod efter terrorn<\/a>&nbsp;&nbsp;SvD<\/li>\n<li><a href=\"https:\/\/news.google.com\/rss\/articles\/CBMirAFBVV95cUxNRnJnTGFiamViYmlfeDlYZTZxTmt5MmxFMVRIdkVRWGMxNFpuZ2xPQWFQREZQaktjX1pZaGhpMDRydXhjSGo2NnNCUVVVMndnNUZWT2FpVV9hS1BadFhfb2cyNE5lUjAtM1VMdzRPdWZ2RXd1ZkN6ZXVTSG5acVZUbUN3c1U1bEdpOTFlTkpyX1RUTGFNTEtlU045Z0VkSElVM2ExWDhyYVplS3I4?oc=5\" target=\"_blank\" rel=\"nofollow noopener\">Ekot 17:45 Tv\u00e5 kvinnor h\u00e4ktade misst\u00e4nkta f\u00f6r medhj\u00e4lp till mord i Malm\u00f6 20 december 2025 &#8211; Ekot nyhetss\u00e4ndning<\/a>&nbsp;&nbsp;Sveriges Radio<\/li>\n<\/ol>\n","protected":false},"excerpt":{"rendered":"Tusentals k\u00f6ar f\u00f6r att ge blod efter terrorn i Sydney&nbsp;&nbsp;V\u00e4sterbottens-Kuriren Efter d\u00e5det: Bondi-hj\u00e4lten Ahmed blir m\u00e5ngmiljon\u00e4r&nbsp;&nbsp;Aftonbladet Polis granskas&hellip;\n","protected":false},"author":2,"featured_media":112595,"comment_status":"","ping_status":"","sticky":false,"template":"","format":"standard","meta":{"footnotes":""},"categories":[14],"tags":[22,23,26,27,17,21,24,25,28,29,15,16,18,34,31,33,32,30,19,20,51,52,53,54],"class_list":{"0":"post-112594","1":"post","2":"type-post","3":"status-publish","4":"format-standard","5":"has-post-thumbnail","7":"category-varlden","8":"tag-breaking-news","9":"tag-breakingnews","10":"tag-featured-news","11":"tag-featurednews","12":"tag-headlines","13":"tag-huvudnyheter","14":"tag-latest-news","15":"tag-latestnews","16":"tag-main-news","17":"tag-mainnews","18":"tag-news","19":"tag-nyheter","20":"tag-rubriker","21":"tag-se","22":"tag-svenska","23":"tag-sverige","24":"tag-sweden","25":"tag-swedish","26":"tag-top-stories","27":"tag-topstories","28":"tag-varlden","29":"tag-world","30":"tag-world-news","31":"tag-worldnews"},"share_on_mastodon":{"url":"https:\/\/pubeurope.com\/@se\/115756711474740585","error":""},"_links":{"self":[{"href":"https:\/\/www.europesays.com\/se\/wp-json\/wp\/v2\/posts\/112594","targetHints":{"allow":["GET"]}}],"collection":[{"href":"https:\/\/www.europesays.com\/se\/wp-json\/wp\/v2\/posts"}],"about":[{"href":"https:\/\/www.europesays.com\/se\/wp-json\/wp\/v2\/types\/post"}],"author":[{"embeddable":true,"href":"https:\/\/www.europesays.com\/se\/wp-json\/wp\/v2\/users\/2"}],"replies":[{"embeddable":true,"href":"https:\/\/www.europesays.com\/se\/wp-json\/wp\/v2\/comments?post=112594"}],"version-history":[{"count":0,"href":"https:\/\/www.europesays.com\/se\/wp-json\/wp\/v2\/posts\/112594\/revisions"}],"wp:featuredmedia":[{"embeddable":true,"href":"https:\/\/www.europesays.com\/se\/wp-json\/wp\/v2\/media\/112595"}],"wp:attachment":[{"href":"https:\/\/www.europesays.com\/se\/wp-json\/wp\/v2\/media?parent=112594"}],"wp:term":[{"taxonomy":"category","embeddable":true,"href":"https:\/\/www.europesays.com\/se\/wp-json\/wp\/v2\/categories?post=112594"},{"taxonomy":"post_tag","embeddable":true,"href":"https:\/\/www.europesays.com\/se\/wp-json\/wp\/v2\/tags?post=112594"}],"curies":[{"name":"wp","href":"https:\/\/api.w.org\/{rel}","templated":true}]}}