{"id":112624,"date":"2025-12-21T09:26:40","date_gmt":"2025-12-21T09:26:40","guid":{"rendered":"https:\/\/www.europesays.com\/se\/112624\/"},"modified":"2025-12-21T09:26:40","modified_gmt":"2025-12-21T09:26:40","slug":"tva-kvinnor-har-begarts-haktade-for-bl-a-medhjalp-till-mord-i-oxie-uppdaterat-med-plats","status":"publish","type":"post","link":"https:\/\/www.europesays.com\/se\/112624\/","title":{"rendered":"Tv\u00e5 kvinnor har beg\u00e4rts h\u00e4ktade f\u00f6r bl.a. medhj\u00e4lp till mord i Oxie \u2013 uppdaterat med plats"},"content":{"rendered":"<p>F\u00f6rra fredagen skedde en skottlossning i Oxie i Malm\u00f6, d\u00e4r en person dog. En tolv\u00e5rig pojke \u00e4r sedan tidigare misst\u00e4nkt i \u00e4rendet och har omh\u00e4ndertagits av socialtj\u00e4nsten. I torsdags anh\u00f6lls ytterligare tv\u00e5 kvinnor misst\u00e4nkta f\u00f6r medhj\u00e4lp i \u00e4rendet. Det \u00e4r dessa tv\u00e5 som nu beg\u00e4rts h\u00e4ktade av \u00e5klagaren.<\/p>\n<p>H\u00e4ktningsf\u00f6rhandlingarna kommer att h\u00e5llas i Malm\u00f6 tingsr\u00e4tts lokaler i R\u00e4ttscentrum i dag l\u00f6rdag med start kl. 12 samt kl. 12.30.<\/p>\n<p>M\u00e5lnummer i Malm\u00f6 tingsr\u00e4tt: B 16496-25.<\/p>\n<p>Se \u00e4ven tidigare utskickade pressmeddelanden <a href=\"https:\/\/www.aklagare.se\/for-media\/pressmeddelanden\/2025\/december\/lagesrapport-i-arende-om-bl.a.-mord-i-oxie\" target=\"_blank\" rel=\"nofollow noopener\">16\/12<\/a> samt <a href=\"https:\/\/www.aklagare.se\/for-media\/pressmeddelanden\/2025\/december\/tva-kvinnor-anhallna-i-arende-om-bl.a.-mord-i-oxie\" target=\"_blank\" rel=\"nofollow noopener\">19\/12<\/a>.\u00a0<\/p>\n<p>Kontakt<\/p>\n<p>F\u00f6runders\u00f6kningsledaren, senior \u00e5klagare Carolin Carlquist, \u00e4r tillg\u00e4nglig f\u00f6r media kl. 13.30\u201314 i dag p\u00e5 010-562 60 66. Innan h\u00e4ktningsf\u00f6rhandlingarna h\u00e5llits \u00e4r \u00e5klagaren inte tillg\u00e4nglig f\u00f6r media.<\/p>\n<p>Presstj\u00e4nsten har ingen ytterligare information och har inte heller tillg\u00e5ng till n\u00e5gra handlingar i \u00e4rendet.<\/p>\n","protected":false},"excerpt":{"rendered":"F\u00f6rra fredagen skedde en skottlossning i Oxie i Malm\u00f6, d\u00e4r en person dog. En tolv\u00e5rig pojke \u00e4r sedan&hellip;\n","protected":false},"author":2,"featured_media":5946,"comment_status":"","ping_status":"","sticky":false,"template":"","format":"standard","meta":{"footnotes":""},"categories":[5],"tags":[980,979,22,23,26,27,17,21,24,25,28,29,15,16,18,34,31,33,32,30,19,20],"class_list":{"0":"post-112624","1":"post","2":"type-post","3":"status-publish","4":"format-standard","5":"has-post-thumbnail","7":"category-rubriker","8":"tag-klagarmyndigheten","9":"tag-klagare","10":"tag-breaking-news","11":"tag-breakingnews","12":"tag-featured-news","13":"tag-featurednews","14":"tag-headlines","15":"tag-huvudnyheter","16":"tag-latest-news","17":"tag-latestnews","18":"tag-main-news","19":"tag-mainnews","20":"tag-news","21":"tag-nyheter","22":"tag-rubriker","23":"tag-se","24":"tag-svenska","25":"tag-sverige","26":"tag-sweden","27":"tag-swedish","28":"tag-top-stories","29":"tag-topstories"},"share_on_mastodon":{"url":"https:\/\/pubeurope.com\/@se\/115756845182562517","error":""},"_links":{"self":[{"href":"https:\/\/www.europesays.com\/se\/wp-json\/wp\/v2\/posts\/112624","targetHints":{"allow":["GET"]}}],"collection":[{"href":"https:\/\/www.europesays.com\/se\/wp-json\/wp\/v2\/posts"}],"about":[{"href":"https:\/\/www.europesays.com\/se\/wp-json\/wp\/v2\/types\/post"}],"author":[{"embeddable":true,"href":"https:\/\/www.europesays.com\/se\/wp-json\/wp\/v2\/users\/2"}],"replies":[{"embeddable":true,"href":"https:\/\/www.europesays.com\/se\/wp-json\/wp\/v2\/comments?post=112624"}],"version-history":[{"count":0,"href":"https:\/\/www.europesays.com\/se\/wp-json\/wp\/v2\/posts\/112624\/revisions"}],"wp:featuredmedia":[{"embeddable":true,"href":"https:\/\/www.europesays.com\/se\/wp-json\/wp\/v2\/media\/5946"}],"wp:attachment":[{"href":"https:\/\/www.europesays.com\/se\/wp-json\/wp\/v2\/media?parent=112624"}],"wp:term":[{"taxonomy":"category","embeddable":true,"href":"https:\/\/www.europesays.com\/se\/wp-json\/wp\/v2\/categories?post=112624"},{"taxonomy":"post_tag","embeddable":true,"href":"https:\/\/www.europesays.com\/se\/wp-json\/wp\/v2\/tags?post=112624"}],"curies":[{"name":"wp","href":"https:\/\/api.w.org\/{rel}","templated":true}]}}