{"id":112638,"date":"2025-12-21T09:58:26","date_gmt":"2025-12-21T09:58:26","guid":{"rendered":"https:\/\/www.europesays.com\/se\/112638\/"},"modified":"2025-12-21T09:58:26","modified_gmt":"2025-12-21T09:58:26","slug":"oro-pa-arbetsformedlingen-efter-avstangningar","status":"publish","type":"post","link":"https:\/\/www.europesays.com\/se\/112638\/","title":{"rendered":"Oro p\u00e5 Arbetsf\u00f6rmedlingen efter avst\u00e4ngningar"},"content":{"rendered":"<p>I slutet av f\u00f6rra veckan meddelade Arbetsf\u00f6rmedlingen att tre chefer och ytterligare en medarbetare p\u00e5 myndighetens it-avdelning st\u00e4ngts av fr\u00e5n arbetet, sedan Arbetsf\u00f6rmedlingens visselbl\u00e5sarfunktion och internutredning f\u00e5tt uppgifter om misst\u00e4nkta oegentligheter.<\/p>\n<p>Enligt uppgifter till Aftonbladet ska avst\u00e4ngningarna vara kopplade till myndighetens anv\u00e4ndning av AI-teknik.<\/p>\n<p>Enligt STs avdelningsordf\u00f6rande<strong> \u00c5sa Johansson<\/strong> k\u00e4nner ST-avdelningen p\u00e5 Arbetsf\u00f6rmedlingen inte till mycket mer \u00e4n vad som framkommit i medierna.<\/p>\n<p>\u2013 Vi har inte f\u00e5tt n\u00e5gra ytterligare signaler kring utredningen. Det har inte varit n\u00e5gra ytterligare avst\u00e4ngningar i alla fall. Men av begripliga sk\u00e4l h\u00e5lls utredningen v\u00e4ldigt intern och skyddad, s\u00e4ger hon.<\/p>\n<p>De besked som l\u00e4mnats \u00e4r att utredningen ska hanteras s\u00e5 snabbt som m\u00f6jligt och initialt p\u00e5g\u00e5 i 30\u00a0dagar, ber\u00e4ttar \u00c5sa Johansson. Situationen \u00e4r oviss, speciellt f\u00f6r medlemmar p\u00e5 myndighetens it-avdelning, konstaterar hon.<\/p>\n<p>\u2013 Det h\u00e4r skapar s\u00e5 klart en oro. Vad kommer att h\u00e4nda? Hur blir det fram\u00f6ver? Vad kan det bli f\u00f6r konsekvenser? Men \u00e4n s\u00e5 l\u00e4nge \u00e4r det v\u00e4ldigt f\u00e4rskt. Jag upplever att arbetsgivaren f\u00f6rs\u00f6ker h\u00e5lla alla s\u00e5 uppdaterade som m\u00f6jligt utan att \u00e4ventyra utredningen. <\/p>\n<p>I samband med avst\u00e4ngningarna tillsattes tillf\u00f6rordnade chefer i de positioner som ber\u00f6rdes. <\/p>\n<p>\u2013 Man har f\u00f6rs\u00f6kt rigga en tillf\u00e4llig l\u00f6sning f\u00f6r att uppr\u00e4tth\u00e5lla verksamheten, s\u00e4ger \u00c5sa Johansson.<\/p>\n<p><strong>Hur uppm\u00e4rksammat \u00e4r det h\u00e4r inom resten av myndigheten?<\/strong><\/p>\n<p>\u2013 Det finns s\u00e5 klart en hel del funderingar. Vi vet inte vilka system eller program som ber\u00f6rs och hur v\u00e5rt arbete kommer att p\u00e5verkas. Det verkar ju fr\u00e4mst vara inriktat p\u00e5 AI. Men jag vet inte hur pass inbyggt det kan vara i andra system.<\/p>\n<p><strong>Vad t\u00e4nker du om de uppgifter som framkommit om det kinesiska AI-verktyget?<\/strong><\/p>\n<p>\u2013 Spontant t\u00e4nker jag att alla har med sig att vi ska vara v\u00e4ldigt f\u00f6rsiktiga n\u00e4r det g\u00e4ller verktyg med anknytning till l\u00e4nder som \u00e4r tveksamma ur s\u00e4kerhetssynpunkt. Det \u00e4r sv\u00e5rt att veta hur det h\u00e4r systemet har fungerat och hur \u00f6ppet det varit. Myndigheten var tidigare v\u00e4ldigt tveksam till att inf\u00f6ra Teams p\u00e5 grund av anknytningen till amerikanska molntj\u00e4nster, s\u00e5 det b\u00f6r g\u00e5 att redovisa ordentligt vilka s\u00e4kerhetspr\u00f6vningar systemet har genomg\u00e5tt.<\/p>\n<p>Publikt har under de senaste veckorna \u00e4ven kunnat rapportera om flera fall d\u00e4r chefer och anst\u00e4llda vid Arbetsf\u00f6rmedlingens it-avdelning medverkat i reklam eller marknadsf\u00f6ring f\u00f6r externa leverant\u00f6rer. <\/p>\n<p>\u2013 Som jag f\u00f6rst\u00e5tt det kan det h\u00e4r ha varit en kulturfr\u00e5ga inom it-avdelningen. Man har kanske sett sig mer som en del av it-sf\u00e4ren \u00e4n som en statstj\u00e4nsteman eller myndighetsperson, s\u00e4ger \u00c5sa Johansson.<\/p>\n","protected":false},"excerpt":{"rendered":"I slutet av f\u00f6rra veckan meddelade Arbetsf\u00f6rmedlingen att tre chefer och ytterligare en medarbetare p\u00e5 myndighetens it-avdelning st\u00e4ngts&hellip;\n","protected":false},"author":2,"featured_media":112639,"comment_status":"","ping_status":"","sticky":false,"template":"","format":"standard","meta":{"footnotes":""},"categories":[12],"tags":[22,23,26,27,17,21,24,25,28,29,15,16,18,34,31,33,32,30,19,20],"class_list":{"0":"post-112638","1":"post","2":"type-post","3":"status-publish","4":"format-standard","5":"has-post-thumbnail","7":"category-sverige","8":"tag-breaking-news","9":"tag-breakingnews","10":"tag-featured-news","11":"tag-featurednews","12":"tag-headlines","13":"tag-huvudnyheter","14":"tag-latest-news","15":"tag-latestnews","16":"tag-main-news","17":"tag-mainnews","18":"tag-news","19":"tag-nyheter","20":"tag-rubriker","21":"tag-se","22":"tag-svenska","23":"tag-sverige","24":"tag-sweden","25":"tag-swedish","26":"tag-top-stories","27":"tag-topstories"},"share_on_mastodon":{"url":"https:\/\/pubeurope.com\/@se\/115756971136633231","error":""},"_links":{"self":[{"href":"https:\/\/www.europesays.com\/se\/wp-json\/wp\/v2\/posts\/112638","targetHints":{"allow":["GET"]}}],"collection":[{"href":"https:\/\/www.europesays.com\/se\/wp-json\/wp\/v2\/posts"}],"about":[{"href":"https:\/\/www.europesays.com\/se\/wp-json\/wp\/v2\/types\/post"}],"author":[{"embeddable":true,"href":"https:\/\/www.europesays.com\/se\/wp-json\/wp\/v2\/users\/2"}],"replies":[{"embeddable":true,"href":"https:\/\/www.europesays.com\/se\/wp-json\/wp\/v2\/comments?post=112638"}],"version-history":[{"count":0,"href":"https:\/\/www.europesays.com\/se\/wp-json\/wp\/v2\/posts\/112638\/revisions"}],"wp:featuredmedia":[{"embeddable":true,"href":"https:\/\/www.europesays.com\/se\/wp-json\/wp\/v2\/media\/112639"}],"wp:attachment":[{"href":"https:\/\/www.europesays.com\/se\/wp-json\/wp\/v2\/media?parent=112638"}],"wp:term":[{"taxonomy":"category","embeddable":true,"href":"https:\/\/www.europesays.com\/se\/wp-json\/wp\/v2\/categories?post=112638"},{"taxonomy":"post_tag","embeddable":true,"href":"https:\/\/www.europesays.com\/se\/wp-json\/wp\/v2\/tags?post=112638"}],"curies":[{"name":"wp","href":"https:\/\/api.w.org\/{rel}","templated":true}]}}