{"id":112676,"date":"2025-12-21T10:50:24","date_gmt":"2025-12-21T10:50:24","guid":{"rendered":"https:\/\/www.europesays.com\/se\/112676\/"},"modified":"2025-12-21T10:50:24","modified_gmt":"2025-12-21T10:50:24","slug":"wahlgrens-dubbla-tabbar-i-svt-klipptes-ur-julallsangen","status":"publish","type":"post","link":"https:\/\/www.europesays.com\/se\/112676\/","title":{"rendered":"Wahlgrens dubbla tabbar i SVT\n\u2013 klipptes ur \u201dJulalls\u00e5ngen\u201d"},"content":{"rendered":"<p>Publicerad 21 dec 2025 kl 06.24<\/p>\n<p>Pernilla Wahlgren sa en svordom och missuppfattade artisten Adaam.\u00a0<\/p>\n<p>N\u00e4r \u201dJulalls\u00e5ng p\u00e5 Skansen\u201d s\u00e4ndes p\u00e5 l\u00f6rdagskv\u00e4llen hade SVT klippt bort tabbarna.<\/p>\n<p>\u2013 Adaam sa att han hade \u201dgrindat\u201d och d\u00e5 associerade jag det direkt till Grindr, sa programledaren efter inspelningen.\u00a0<\/p>\n<p>Senaste klippen fr\u00e5n Expressen inom n\u00f6je.<img   alt=\"\"\/><\/p>\n<p>P\u00e5 l\u00f6rdagskv\u00e4llen s\u00e4ndes \u201dJulalls\u00e5ng p\u00e5 Skansen\u201d i SVT.<\/p>\n<p>Foto: CARL-ERIK PAULIN \/ STELLA PICTURES<\/p>\n<p>\u00d6ppna bild i helsk\u00e4rm<img loading=\"lazy\"   alt=\"\"\/><\/p>\n<p>Ledde programmet gjorde Pernilla Wahlgren.<\/p>\n<p>Foto: Claudio Bresciani\/TT \/ TT NYHETSBYR\u00c5N \/ Claudio Bresciani\/TT<\/p>\n<p>\u00d6ppna bild i helsk\u00e4rm<img loading=\"lazy\"   alt=\"\"\/><\/p>\n<p>Men allt gick inte som planerat \u2013\u00a0och en tabbe beh\u00f6vdes klippas bort.<\/p>\n<p>Foto: CARL-ERIK PAULIN \/ STELLA PICTURES<\/p>\n<p>\u00d6ppna bild i helsk\u00e4rm<\/p>\n<p>\u201dAlls\u00e5ng p\u00e5 Skansen\u201d har f\u00e5tt p\u00e5 sig sin vinterskrud och p\u00e5 l\u00f6rdagskv\u00e4llen stod <a href=\"https:\/\/www.expressen.se\/tagg\/person\/pernilla-wahlgren\/\" class=\"\" rel=\"nofollow noopener\" target=\"_blank\">Pernilla Wahlgren<\/a> f\u00f6r underh\u00e5llningen i SVT fr\u00e5n scenen p\u00e5 Solliden.\u00a0<\/p>\n<p>Till skillnad fr\u00e5n sommarens program \u00e4r \u201dJulalls\u00e5ng p\u00e5 Skansen\u201d inte direkts\u00e4nt, utan f\u00f6rinspelat.\u00a0<\/p>\n<p>Expressen var p\u00e5 plats under inspelningen den 16 december och efter\u00e5t var programledaren n\u00f6jd med insatsen:\u00a0<\/p>\n<p>\u2013 Vi k\u00f6ttade p\u00e5. Det var ett sp\u00e4ckat schema och otroliga artister, sa en r\u00f6dkl\u00e4dd Wahlgren.<\/p>\n<p>Men hon avsl\u00f6jade att allt inte gick helt som planerat \u2013 hon tabbade sig.<\/p>\n<p>\u2013 Jag r\u00e5kade komma av mig n\u00e5gon g\u00e5ng och sa \u201dfuck\u201d och det f\u00e5r man inte g\u00f6ra i tv, s\u00e5 det kommer vi klippa bort, s\u00e4ger Pernilla Wahlgren och skrattar.<\/p>\n<p>Precis som programledaren f\u00f6rutsp\u00e5tt var svordomen bortklippt p\u00e5 l\u00f6rdagskv\u00e4llen.\u00a0<\/p>\n<p>Missuppfattade Adaam \u2013 trodde han menade Grindr<\/p>\n<p>Och svordomen var inte det enda som SVT hade klippt bort, utan \u00e4ven en missuppfattning mellan Wahlgren och rapparen Adaam utel\u00e4mnades fr\u00e5n programmet.\u00a0<\/p>\n<p>N\u00e4r Adaam ber\u00e4ttade att han hade \u201dgrindat\u201d \u2013 allts\u00e5 jobbat h\u00e5rt \u2013 sedan sin medverkan i \u201dAlls\u00e5ng p\u00e5 Skansen\u201d i somras, f\u00f6rstod inte programledaren ordets betydelse. I programmet fr\u00e5gade hon honom om det handlade om \u201dn\u00e5got Tinder-liknande\u201d.\u00a0<\/p>\n<p>\u2013 D\u00e5 associerade jag det direkt till Grindr och s\u00e5 k\u00e4nde jag att det \u00e4r nog inte hans grej och sen k\u00e4nde jag att jag hade d\u00e5lig koll p\u00e5 vad \u201dgrindat\u201d var och d\u00e5 fick jag f\u00f6r mig att det var n\u00e5got man gejmar, ber\u00e4ttade Wahlgren n\u00e4r Expressen tr\u00e4ffade henne direkt efter inspelningen.\u00a0<\/p>\n<p>I det s\u00e4nda programmet ser man henne fr\u00e5ga vad \u201dgrinda\u201d betyder, varp\u00e5 hon gissar p\u00e5 gaming. Referensen till dejtingappen Grindr \u2013 som lockade till skratt hos publiken men l\u00e4mnade Adaam mindre road \u2013 valde SVT att klippa bort.<\/p>\n<p><img loading=\"lazy\"   alt=\"\"\/><\/p>\n<p>Wahlgren fr\u00e5gade Adaam vad \u201dgrindat\u201d betyder, men hennes referens till Grindr klipptes bort.<\/p>\n<p>Foto: SVT<\/p>\n<p>\u00d6ppna bild i helsk\u00e4rm<img loading=\"lazy\"   alt=\"\"\/><\/p>\n<p>Adaam upptr\u00e4dde med l\u00e5ten \u201dWish list\u201d i \u201dJulalls\u00e5ng p\u00e5 Skansen\u201d.<\/p>\n<p>Foto: SVT<\/p>\n<p>\u00d6ppna bild i helsk\u00e4rm<\/p>\n","protected":false},"excerpt":{"rendered":"Publicerad 21 dec 2025 kl 06.24 Pernilla Wahlgren sa en svordom och missuppfattade artisten Adaam.\u00a0 N\u00e4r \u201dJulalls\u00e5ng p\u00e5&hellip;\n","protected":false},"author":2,"featured_media":112677,"comment_status":"","ping_status":"","sticky":false,"template":"","format":"standard","meta":{"footnotes":""},"categories":[67],"tags":[104,360,361,357,34,645,31,33,32,30,402,310,105],"class_list":{"0":"post-112676","1":"post","2":"type-post","3":"status-publish","4":"format-standard","5":"has-post-thumbnail","7":"category-underhallning","8":"tag-entertainment","9":"tag-organization-allsang-pa-skansen","10":"tag-organization-svt","11":"tag-person-pernilla-wahlgren","12":"tag-se","13":"tag-sections-tv","14":"tag-svenska","15":"tag-sverige","16":"tag-sweden","17":"tag-swedish","18":"tag-topic-artister","19":"tag-topic-kandisar","20":"tag-underhallning"},"share_on_mastodon":{"url":"https:\/\/pubeurope.com\/@se\/115757175500834310","error":""},"_links":{"self":[{"href":"https:\/\/www.europesays.com\/se\/wp-json\/wp\/v2\/posts\/112676","targetHints":{"allow":["GET"]}}],"collection":[{"href":"https:\/\/www.europesays.com\/se\/wp-json\/wp\/v2\/posts"}],"about":[{"href":"https:\/\/www.europesays.com\/se\/wp-json\/wp\/v2\/types\/post"}],"author":[{"embeddable":true,"href":"https:\/\/www.europesays.com\/se\/wp-json\/wp\/v2\/users\/2"}],"replies":[{"embeddable":true,"href":"https:\/\/www.europesays.com\/se\/wp-json\/wp\/v2\/comments?post=112676"}],"version-history":[{"count":0,"href":"https:\/\/www.europesays.com\/se\/wp-json\/wp\/v2\/posts\/112676\/revisions"}],"wp:featuredmedia":[{"embeddable":true,"href":"https:\/\/www.europesays.com\/se\/wp-json\/wp\/v2\/media\/112677"}],"wp:attachment":[{"href":"https:\/\/www.europesays.com\/se\/wp-json\/wp\/v2\/media?parent=112676"}],"wp:term":[{"taxonomy":"category","embeddable":true,"href":"https:\/\/www.europesays.com\/se\/wp-json\/wp\/v2\/categories?post=112676"},{"taxonomy":"post_tag","embeddable":true,"href":"https:\/\/www.europesays.com\/se\/wp-json\/wp\/v2\/tags?post=112676"}],"curies":[{"name":"wp","href":"https:\/\/api.w.org\/{rel}","templated":true}]}}