{"id":112728,"date":"2025-12-21T11:44:25","date_gmt":"2025-12-21T11:44:25","guid":{"rendered":"https:\/\/www.europesays.com\/se\/112728\/"},"modified":"2025-12-21T11:44:25","modified_gmt":"2025-12-21T11:44:25","slug":"eu-utokar-sanktioner-mot-rysslands-skuggflotta-41-nya-fartyg-stoppas","status":"publish","type":"post","link":"https:\/\/www.europesays.com\/se\/112728\/","title":{"rendered":"EU ut\u00f6kar sanktioner mot Rysslands skuggflotta \u2013 41 nya fartyg stoppas"},"content":{"rendered":"<p>Fler fartyg stoppas fr\u00e5n EU-hamnar<\/p>\n<p>Vid det senaste m\u00f6tet mellan EU:s utrikesministrar beslutades att ut\u00f6ka listan \u00f6ver fartyg som omfattas av sanktioner. Enligt svenska regeringen inneb\u00e4r det att ytterligare 41 fartyg nu f\u00f6rbjuds att anl\u00f6pa hamnar inom EU och nekas tillg\u00e5ng till centrala tj\u00e4nster. <\/p>\n<p>Totalt omfattar EU:s lista nu 598 fartyg, vilket inneb\u00e4r en fortsatt \u00f6kning av trycket mot rysk sj\u00f6fart.<\/p>\n<blockquote>\n<p>Det \u00e4r avg\u00f6rande att vi forts\u00e4tter att sl\u00e5 mot den ryska skuggflottan. Genom att lista fler fartyg f\u00f6rsv\u00e5rar vi Rysslands m\u00f6jligheter att kringg\u00e5 sanktionerna och finansiera anfallskriget mot Ukraina<\/p>\n<p>Utrikesminister Maria Malmer Stenergard (M).\n<\/p><\/blockquote>\n<p>Ut\u00f6ver fartyg begr\u00e4nsas \u00e4ven akt\u00f6rer som underl\u00e4ttar skuggflottans verksamhet, exempelvis rederier och oljehandelsbolag.<\/p>\n<p>Sanktionerna utvidgas till fler akt\u00f6rer<\/p>\n<p>Vid samma m\u00f6te antogs nya \u00e5tg\u00e4rder mot individer och f\u00f6retag som anses st\u00f6dja den ryska skuggflottan. Dessa \u00e5tg\u00e4rder riktar sig bland annat mot rederier och oljehandlare, vilket understryker bredden i EU:s sanktioner.<\/p>\n","protected":false},"excerpt":{"rendered":"Fler fartyg stoppas fr\u00e5n EU-hamnar Vid det senaste m\u00f6tet mellan EU:s utrikesministrar beslutades att ut\u00f6ka listan \u00f6ver fartyg&hellip;\n","protected":false},"author":2,"featured_media":112729,"comment_status":"","ping_status":"","sticky":false,"template":"","format":"standard","meta":{"footnotes":""},"categories":[14],"tags":[22,23,26,27,17,21,24,25,28,29,15,16,18,34,31,33,32,30,19,20,51,52,53,54],"class_list":{"0":"post-112728","1":"post","2":"type-post","3":"status-publish","4":"format-standard","5":"has-post-thumbnail","7":"category-varlden","8":"tag-breaking-news","9":"tag-breakingnews","10":"tag-featured-news","11":"tag-featurednews","12":"tag-headlines","13":"tag-huvudnyheter","14":"tag-latest-news","15":"tag-latestnews","16":"tag-main-news","17":"tag-mainnews","18":"tag-news","19":"tag-nyheter","20":"tag-rubriker","21":"tag-se","22":"tag-svenska","23":"tag-sverige","24":"tag-sweden","25":"tag-swedish","26":"tag-top-stories","27":"tag-topstories","28":"tag-varlden","29":"tag-world","30":"tag-world-news","31":"tag-worldnews"},"share_on_mastodon":{"url":"https:\/\/pubeurope.com\/@se\/115757387826447983","error":""},"_links":{"self":[{"href":"https:\/\/www.europesays.com\/se\/wp-json\/wp\/v2\/posts\/112728","targetHints":{"allow":["GET"]}}],"collection":[{"href":"https:\/\/www.europesays.com\/se\/wp-json\/wp\/v2\/posts"}],"about":[{"href":"https:\/\/www.europesays.com\/se\/wp-json\/wp\/v2\/types\/post"}],"author":[{"embeddable":true,"href":"https:\/\/www.europesays.com\/se\/wp-json\/wp\/v2\/users\/2"}],"replies":[{"embeddable":true,"href":"https:\/\/www.europesays.com\/se\/wp-json\/wp\/v2\/comments?post=112728"}],"version-history":[{"count":0,"href":"https:\/\/www.europesays.com\/se\/wp-json\/wp\/v2\/posts\/112728\/revisions"}],"wp:featuredmedia":[{"embeddable":true,"href":"https:\/\/www.europesays.com\/se\/wp-json\/wp\/v2\/media\/112729"}],"wp:attachment":[{"href":"https:\/\/www.europesays.com\/se\/wp-json\/wp\/v2\/media?parent=112728"}],"wp:term":[{"taxonomy":"category","embeddable":true,"href":"https:\/\/www.europesays.com\/se\/wp-json\/wp\/v2\/categories?post=112728"},{"taxonomy":"post_tag","embeddable":true,"href":"https:\/\/www.europesays.com\/se\/wp-json\/wp\/v2\/tags?post=112728"}],"curies":[{"name":"wp","href":"https:\/\/api.w.org\/{rel}","templated":true}]}}