{"id":112748,"date":"2025-12-21T12:03:31","date_gmt":"2025-12-21T12:03:31","guid":{"rendered":"https:\/\/www.europesays.com\/se\/112748\/"},"modified":"2025-12-21T12:03:31","modified_gmt":"2025-12-21T12:03:31","slug":"utrikesministern-om-dawit-isaak-en-ny-ansats","status":"publish","type":"post","link":"https:\/\/www.europesays.com\/se\/112748\/","title":{"rendered":"Utrikesministern om Dawit Isaak: \u201dEn ny ansats\u201d"},"content":{"rendered":"<p class=\"a-postLeadText lead\">\n\t\tVid en presstr\u00e4ff p\u00e5 fredagen svarade utrikesminister Maria Malmer Stenergard p\u00e5 fr\u00e5gor om sitt bes\u00f6k i Eritrea.&#13;<br \/>\n\u201dJag bed\u00f6mer att det till f\u00f6ljd av bes\u00f6ket finns ett nytt momentum\u201d, sa ministern om fallet Dawit Isaak.<\/p>\n<p>\n\t\t\tpublicerad<br \/>\n\t\t\t19 december 2025\n\t\t<\/p>\n<p>\u2013 Ibland \u00e4r det frustrerande sv\u00e5rt att ta steg fram\u00e5t, trots stora insatser, inledde utrikesministern presstr\u00e4ffen som UD kallat till dagen efter hennes hemkomst fr\u00e5n Eritrea.<\/p>\n<p>\u201dLite av en f\u00f6rel\u00e4sning om konsul\u00e4rt arbete\u201d, beskriver Blankspots chefredakt\u00f6r Martin Schibbye presstr\u00e4ffen.<\/p>\n<p>Men trots att Maria Malmer Stenergard och departementsr\u00e5det Svante Liljegren inte kunde ge n\u00e5gra nya konkreta besked om Dawit Isaak \u2013 deras bed\u00f6mning \u00e4r dock fortsatt att han \u00e4r vid liv \u2013 \u00e4r ministerbes\u00f6ket i sig positivt, menar Schibbye:<\/p>\n<p>\u2013 I grunden var det gl\u00e4djande att h\u00f6ra att de haft ett bra m\u00f6te. M\u00f6tet i sig \u00e4r unikt och jag tror att betydelsen av att det f\u00f6rdes i Asmara p\u00e5 utrikesministerniv\u00e5 \u00e4r stor. Stenergard sa att det \u00e4r \u201den ny ansats f\u00f6r att kunna f\u00f6ra en dialog om m\u00e5nga viktiga fr\u00e5gor\u201d och det i sig \u00e4r positivt.<\/p>\n<p>Maria Malmer Stenergard framh\u00f6ll att ministerbes\u00f6ket i Eritrea var det f\u00f6rsta sedan Sverige erk\u00e4nde Eritrea 1993.<\/p>\n<p>\u2013 Under bes\u00f6ket har jag tydligt framf\u00f6rt hur viktigt det \u00e4r att Dawit Isaak friges och \u00e5terf\u00f6renas med sin familj. Mitt bes\u00f6k ska ses som en ny ansats i denna fr\u00e5ga och en rad andra viktiga fr\u00e5gor f\u00f6r och mellan v\u00e5ra l\u00e4nder. Vi bed\u00f6mer att vi nu f\u00e5tt b\u00e4ttre f\u00f6ruts\u00e4ttningar f\u00f6r fortsatta samtal om viktiga fr\u00e5gor, inklusive fr\u00e5gan om Dawit Isaak, sa utrikesministern.<\/p>\n<p>Hon betonade att det inte gagnar fallet att prata \u00f6ppet om det konsul\u00e4ra arbetet, men lovade att arbetet f\u00f6rs \u201dmycket m\u00e5lmedvetet och intensivt\u201d.<\/p>\n<p>UD har inte f\u00e5tt n\u00e5gon ny information som f\u00f6r\u00e4ndrar bed\u00f6mningen att Dawit Isaak \u00e4r vid liv, sa Malmer Stenergard.<\/p>\n<p>Erik Larsson, talesperson f\u00f6r Reportrar utan gr\u00e4nser, tycker ocks\u00e5 att det \u00e4r ett \u201dmycket positivt steg\u201d att utrikesministern rest till Eritrea och d\u00e4r lyft fallet.<\/p>\n<p>\u2013 Dawit Isaak \u00e4r det fall vi jobbat mest med under Reportrar utan gr\u00e4nsers hela historia, s\u00e5 det \u00e4r gl\u00e4djande.<\/p>\n<p><strong>Hade du hoppats p\u00e5 ett \u00e4nnu mer positivt besked?<\/strong><\/p>\n<p>\u2013 Det \u00e4r klart man hoppas p\u00e5 det, varje dag. Men det h\u00e4r var inte helt ov\u00e4ntat, s\u00e4ger Erik Larsson.<\/p>\n","protected":false},"excerpt":{"rendered":"Vid en presstr\u00e4ff p\u00e5 fredagen svarade utrikesminister Maria Malmer Stenergard p\u00e5 fr\u00e5gor om sitt bes\u00f6k i Eritrea.&#13; \u201dJag&hellip;\n","protected":false},"author":2,"featured_media":112749,"comment_status":"","ping_status":"","sticky":false,"template":"","format":"standard","meta":{"footnotes":""},"categories":[12],"tags":[22,23,26,27,17,21,24,25,28,29,15,16,18,34,31,33,32,30,19,20],"class_list":{"0":"post-112748","1":"post","2":"type-post","3":"status-publish","4":"format-standard","5":"has-post-thumbnail","7":"category-sverige","8":"tag-breaking-news","9":"tag-breakingnews","10":"tag-featured-news","11":"tag-featurednews","12":"tag-headlines","13":"tag-huvudnyheter","14":"tag-latest-news","15":"tag-latestnews","16":"tag-main-news","17":"tag-mainnews","18":"tag-news","19":"tag-nyheter","20":"tag-rubriker","21":"tag-se","22":"tag-svenska","23":"tag-sverige","24":"tag-sweden","25":"tag-swedish","26":"tag-top-stories","27":"tag-topstories"},"share_on_mastodon":{"url":"https:\/\/pubeurope.com\/@se\/115757462574986727","error":""},"_links":{"self":[{"href":"https:\/\/www.europesays.com\/se\/wp-json\/wp\/v2\/posts\/112748","targetHints":{"allow":["GET"]}}],"collection":[{"href":"https:\/\/www.europesays.com\/se\/wp-json\/wp\/v2\/posts"}],"about":[{"href":"https:\/\/www.europesays.com\/se\/wp-json\/wp\/v2\/types\/post"}],"author":[{"embeddable":true,"href":"https:\/\/www.europesays.com\/se\/wp-json\/wp\/v2\/users\/2"}],"replies":[{"embeddable":true,"href":"https:\/\/www.europesays.com\/se\/wp-json\/wp\/v2\/comments?post=112748"}],"version-history":[{"count":0,"href":"https:\/\/www.europesays.com\/se\/wp-json\/wp\/v2\/posts\/112748\/revisions"}],"wp:featuredmedia":[{"embeddable":true,"href":"https:\/\/www.europesays.com\/se\/wp-json\/wp\/v2\/media\/112749"}],"wp:attachment":[{"href":"https:\/\/www.europesays.com\/se\/wp-json\/wp\/v2\/media?parent=112748"}],"wp:term":[{"taxonomy":"category","embeddable":true,"href":"https:\/\/www.europesays.com\/se\/wp-json\/wp\/v2\/categories?post=112748"},{"taxonomy":"post_tag","embeddable":true,"href":"https:\/\/www.europesays.com\/se\/wp-json\/wp\/v2\/tags?post=112748"}],"curies":[{"name":"wp","href":"https:\/\/api.w.org\/{rel}","templated":true}]}}