{"id":112790,"date":"2025-12-21T12:54:08","date_gmt":"2025-12-21T12:54:08","guid":{"rendered":"https:\/\/www.europesays.com\/se\/112790\/"},"modified":"2025-12-21T12:54:08","modified_gmt":"2025-12-21T12:54:08","slug":"sandra-naslund-vann-igen-stort-medaljhopp-i-os-svd","status":"publish","type":"post","link":"https:\/\/www.europesays.com\/se\/112790\/","title":{"rendered":"Sandra N\u00e4slund vann igen \u2014 stort medaljhopp i OS &#8211; SvD"},"content":{"rendered":"<ol>\n<li><a href=\"https:\/\/news.google.com\/rss\/articles\/CBMidkFVX3lxTE5sZWppTm1tY2sycDVFYWxjR3pUOHNkMDFCNGt4VFNxZ1FseEUwVk1JUTZ6SHhqUnp5al9RMVVxcXdvdlFQX1FVb21vUzJ6MXZjcmI2d2thQU1NemczV1FRSDFwcUR0MlJySHU5RVlRaHMxYkx1aWc?oc=5\" target=\"_blank\" rel=\"nofollow noopener\">Sandra N\u00e4slund vann igen \u2014 stort medaljhopp i OS<\/a>&nbsp;&nbsp;SvD<\/li>\n<li><a href=\"https:\/\/news.google.com\/rss\/articles\/CBMigwFBVV95cUxNbW5ZZ0pfOUV4Mml1bEV0NHhyanNhdW5xZ3BzRFhKYjVqdm9kaVh5V0pVbkRaX1Y5V2JraENxQXdZVEcwNmtHRXV3T3ZRRkcxVE1RMmFKRUE4NU55X1JsLTZKVEFnUnE2cUg1MElpLUJYUjBjaExoNUNMcFJmc1g1QjFhVQ?oc=5\" target=\"_blank\" rel=\"nofollow noopener\">Vintersport: Sandra N\u00e4slund tillbaka \u00f6verst p\u00e5 pallen<\/a>&nbsp;&nbsp;SVT Nyheter<\/li>\n<li><a href=\"https:\/\/news.google.com\/rss\/articles\/CBMiigFBVV95cUxPWi1SS19tR2J1ckVXMm5EVlNiYVlRZkN5a3V0UmdOTFNNXzNSUzdGWktGTF9MeHRuMDdfdWVlSXBLSFRqakJxcXgwNVZxM0VPQk9TRmtLZS15ZFZGM2NVbkZ4R05tZ0FITEU3MmE4VXc2bWNfdzBxcnFXclVVSndYQ3VWQXBsSWhjNUE?oc=5\" target=\"_blank\" rel=\"nofollow noopener\">Sandra N\u00e4slunds revansch \u2013 tillbaka som segrare<\/a>&nbsp;&nbsp;Sveriges Radio<\/li>\n<li><a href=\"https:\/\/news.google.com\/rss\/articles\/CBMiggFBVV95cUxNYUhFUmZvNzdkSVJDaG1jNEtVTWtJR1hvQkdiZWVBRHFJc0tVUnhUaFpWVGJWSjdNbVQtZDE5OE9NbGtDaExqOFNyTVBBQjRuNzNBcHV1SXlyaHdocWw4dFRGanUzLXpvcUpTVzBtcXdTWGJnbHQ3TGhrMzlOY1F0YnZB?oc=5\" target=\"_blank\" rel=\"nofollow noopener\">N\u00e4slund en vinnare igen \u2013 femte pallplatsen<\/a>&nbsp;&nbsp;V\u00e4sterbottens-Kuriren<\/li>\n<li><a href=\"https:\/\/news.google.com\/rss\/articles\/CBMikAFBVV95cUxOTURPMURfWTZqeE1HWHJRRzZVbzh1YmRRVmFPNmxzTXJ5cU1SMW9LQXdaWmRkQ1BUbDBQYUx6Tng0WnlJZGx6RUkwbFdCZGRjVHRheEIwUnRpN29JVm1qTnI4aktQYWxJcmhRaEhRaVpRSGo1STd2Wl9rWkFickxPUjhUWVFSMEVlRzZLQk12UUU?oc=5\" target=\"_blank\" rel=\"nofollow noopener\">Sandra N\u00e4slund tillbaka p\u00e5 vinnarsp\u00e5ret<\/a>&nbsp;&nbsp;Aftonbladet<\/li>\n<\/ol>\n","protected":false},"excerpt":{"rendered":"Sandra N\u00e4slund vann igen \u2014 stort medaljhopp i OS&nbsp;&nbsp;SvD Vintersport: Sandra N\u00e4slund tillbaka \u00f6verst p\u00e5 pallen&nbsp;&nbsp;SVT Nyheter Sandra&hellip;\n","protected":false},"author":2,"featured_media":112791,"comment_status":"","ping_status":"","sticky":false,"template":"","format":"standard","meta":{"footnotes":""},"categories":[5],"tags":[22,23,26,27,17,21,24,25,28,29,15,16,18,34,31,33,32,30,19,20],"class_list":{"0":"post-112790","1":"post","2":"type-post","3":"status-publish","4":"format-standard","5":"has-post-thumbnail","7":"category-rubriker","8":"tag-breaking-news","9":"tag-breakingnews","10":"tag-featured-news","11":"tag-featurednews","12":"tag-headlines","13":"tag-huvudnyheter","14":"tag-latest-news","15":"tag-latestnews","16":"tag-main-news","17":"tag-mainnews","18":"tag-news","19":"tag-nyheter","20":"tag-rubriker","21":"tag-se","22":"tag-svenska","23":"tag-sverige","24":"tag-sweden","25":"tag-swedish","26":"tag-top-stories","27":"tag-topstories"},"share_on_mastodon":{"url":"https:\/\/pubeurope.com\/@se\/115757663041973391","error":""},"_links":{"self":[{"href":"https:\/\/www.europesays.com\/se\/wp-json\/wp\/v2\/posts\/112790","targetHints":{"allow":["GET"]}}],"collection":[{"href":"https:\/\/www.europesays.com\/se\/wp-json\/wp\/v2\/posts"}],"about":[{"href":"https:\/\/www.europesays.com\/se\/wp-json\/wp\/v2\/types\/post"}],"author":[{"embeddable":true,"href":"https:\/\/www.europesays.com\/se\/wp-json\/wp\/v2\/users\/2"}],"replies":[{"embeddable":true,"href":"https:\/\/www.europesays.com\/se\/wp-json\/wp\/v2\/comments?post=112790"}],"version-history":[{"count":0,"href":"https:\/\/www.europesays.com\/se\/wp-json\/wp\/v2\/posts\/112790\/revisions"}],"wp:featuredmedia":[{"embeddable":true,"href":"https:\/\/www.europesays.com\/se\/wp-json\/wp\/v2\/media\/112791"}],"wp:attachment":[{"href":"https:\/\/www.europesays.com\/se\/wp-json\/wp\/v2\/media?parent=112790"}],"wp:term":[{"taxonomy":"category","embeddable":true,"href":"https:\/\/www.europesays.com\/se\/wp-json\/wp\/v2\/categories?post=112790"},{"taxonomy":"post_tag","embeddable":true,"href":"https:\/\/www.europesays.com\/se\/wp-json\/wp\/v2\/tags?post=112790"}],"curies":[{"name":"wp","href":"https:\/\/api.w.org\/{rel}","templated":true}]}}