{"id":112811,"date":"2025-12-21T13:19:08","date_gmt":"2025-12-21T13:19:08","guid":{"rendered":"https:\/\/www.europesays.com\/se\/112811\/"},"modified":"2025-12-21T13:19:08","modified_gmt":"2025-12-21T13:19:08","slug":"centralskolan-i-tierp-blir-hogstadium","status":"publish","type":"post","link":"https:\/\/www.europesays.com\/se\/112811\/","title":{"rendered":"Centralskolan i Tierp blir h\u00f6gstadium"},"content":{"rendered":"<p>Efter \u00e5r av utredningar och f\u00f6rslag om helt nya skolor i 550-miljonersklassen har politikerna best\u00e4mt sig. Centralskolan ska bli h\u00f6gstadium och Aspenskolan tar hand om F\u20136\u2011eleverna. Minskande barnkullar och slitna lokaler ligger till grund f\u00f6r fullm\u00e4ktiges beslut.\u00a0Kommunstyrelsens ordf\u00f6rande Sara Sj\u00f6dal (C) anser att beslutet \u00e4r kostnadseffektivt och praktiskt:\u2013 Det h<\/p>\n","protected":false},"excerpt":{"rendered":"Efter \u00e5r av utredningar och f\u00f6rslag om helt nya skolor i 550-miljonersklassen har politikerna best\u00e4mt sig. Centralskolan ska&hellip;\n","protected":false},"author":2,"featured_media":112812,"comment_status":"","ping_status":"","sticky":false,"template":"","format":"standard","meta":{"footnotes":""},"categories":[5],"tags":[22,23,26,27,17,21,24,25,28,29,15,16,18,34,31,33,32,30,19,20],"class_list":{"0":"post-112811","1":"post","2":"type-post","3":"status-publish","4":"format-standard","5":"has-post-thumbnail","7":"category-rubriker","8":"tag-breaking-news","9":"tag-breakingnews","10":"tag-featured-news","11":"tag-featurednews","12":"tag-headlines","13":"tag-huvudnyheter","14":"tag-latest-news","15":"tag-latestnews","16":"tag-main-news","17":"tag-mainnews","18":"tag-news","19":"tag-nyheter","20":"tag-rubriker","21":"tag-se","22":"tag-svenska","23":"tag-sverige","24":"tag-sweden","25":"tag-swedish","26":"tag-top-stories","27":"tag-topstories"},"share_on_mastodon":{"url":"https:\/\/pubeurope.com\/@se\/115757761398319113","error":""},"_links":{"self":[{"href":"https:\/\/www.europesays.com\/se\/wp-json\/wp\/v2\/posts\/112811","targetHints":{"allow":["GET"]}}],"collection":[{"href":"https:\/\/www.europesays.com\/se\/wp-json\/wp\/v2\/posts"}],"about":[{"href":"https:\/\/www.europesays.com\/se\/wp-json\/wp\/v2\/types\/post"}],"author":[{"embeddable":true,"href":"https:\/\/www.europesays.com\/se\/wp-json\/wp\/v2\/users\/2"}],"replies":[{"embeddable":true,"href":"https:\/\/www.europesays.com\/se\/wp-json\/wp\/v2\/comments?post=112811"}],"version-history":[{"count":0,"href":"https:\/\/www.europesays.com\/se\/wp-json\/wp\/v2\/posts\/112811\/revisions"}],"wp:featuredmedia":[{"embeddable":true,"href":"https:\/\/www.europesays.com\/se\/wp-json\/wp\/v2\/media\/112812"}],"wp:attachment":[{"href":"https:\/\/www.europesays.com\/se\/wp-json\/wp\/v2\/media?parent=112811"}],"wp:term":[{"taxonomy":"category","embeddable":true,"href":"https:\/\/www.europesays.com\/se\/wp-json\/wp\/v2\/categories?post=112811"},{"taxonomy":"post_tag","embeddable":true,"href":"https:\/\/www.europesays.com\/se\/wp-json\/wp\/v2\/tags?post=112811"}],"curies":[{"name":"wp","href":"https:\/\/api.w.org\/{rel}","templated":true}]}}