{"id":112817,"date":"2025-12-21T13:24:09","date_gmt":"2025-12-21T13:24:09","guid":{"rendered":"https:\/\/www.europesays.com\/se\/112817\/"},"modified":"2025-12-21T13:24:09","modified_gmt":"2025-12-21T13:24:09","slug":"nasta-ar-borde-jobbet-hyra-en-strippa-till-jul","status":"publish","type":"post","link":"https:\/\/www.europesays.com\/se\/112817\/","title":{"rendered":"N\u00e4sta \u00e5r borde jobbet hyra en strippa till jul"},"content":{"rendered":"<p>Jesper Str\u00f6mb\u00e4ck Eklund<\/p>\n<p>Publicerad 21 dec 2025 kl 14.00<\/p>\n<p>P\u00e5kostade julfester p\u00e5 arbetsplatser blir allt mer ovanligt i Sverige.<\/p>\n<p>Jesper Str\u00f6mb\u00e4ck Ekstr\u00f6m tycker att vi f\u00f6rtj\u00e4nar att f\u00e5 sp\u00e5ra ur.<\/p>\n<p><img   alt=\"\"\/><\/p>\n<p>Kanske kan julfirandet i \u201dBad santa 2\u201d fungera som en f\u00f6rebild till n\u00e4sta jobbfest?<\/p>\n<p>Foto: Broad Green\/Miramax\/Kobal\/REX \/ REX<\/p>\n<p>\u00d6ppna bild i helsk\u00e4rmJesper Str\u00f6mb\u00e4ck Eklund<\/p>\n<p><strong>KR\u00d6NIKA.<\/strong> Vi kan kalla henne Monica. Hon var en av de anst\u00e4llda p\u00e5 det kontor jag arbetade p\u00e5 f\u00f6r mycket l\u00e4nge sedan och utg\u00f6r sinnebilden f\u00f6r kategorin anonym och ok\u00e4nd. H\u00e5ret var lagt, sprayat och gl\u00e4nste i r\u00e5ttans f\u00e4rger. Strumpbyxorna var s\u00e5 ogenomtr\u00e4ngligt beigea att de ytliga blodk\u00e4rlen pressades ner i hudens djupare skikt och f\u00f6rsvann. Klacken p\u00e5 hennes st\u00f6vlett var stadig. Monicas smala ansikte bar dessutom p\u00e5 en \u00e5terh\u00e5llsamhet som m\u00e5nga p\u00e5 kontoret tolkade som el\u00e4ndigt \u2013 men hon var bara en barnl\u00f6s kvinna runt femtio. Kontoret var s\u00e5 befolkat: hade man inga barn var man en nucka.<\/p>\n<p>V\u00e5r arbetsplats sysslade med den typ av business som med h\u00f6gt tryck drivit v\u00e5r civilisation mot ruinens brant. F\u00f6rs\u00e4ljningstoppar s\u00e5gs i juletid. Det var konsumtionsvaror i plast, kl\u00e4der i bomull som sk\u00f6rdats av barn p\u00e5 en annan kontinent. M\u00e5lgruppen f\u00f6r produkterna \u2013 vi var ett mellansteg i produktionskedjan \u2013 var sm\u00e5 vuxna och barn vilket gjorde att stora summor drogs in. Jag anst\u00e4lldes sj\u00e4lv p\u00e5 h\u00f6gst oklara grunder l\u00e5ngt innan min frontallob mognat klart. Cash str\u00f6mmade in.\u00a0<\/p>\n<p>Att jag minns Monica s\u00e5 v\u00e4l handlar om att hon under december m\u00e5nad f\u00f6rvandlades till en helt ny version av sig sj\u00e4lv. Julen gav energi. Ju m\u00f6rkare det blev desto starkare lyste hon, likt en himlakropp som nyss exploderat i en galax l\u00e5ngt, l\u00e5ngt borta. Monicas kl\u00e4der fick pl\u00f6tsligt f\u00e4rg, \u00f6gonlocken en skugga, klacken en ny h\u00f6jd. Smack! L\u00e4pparna djupt r\u00f6da. Under sn\u00f6kl\u00e4dda veckor fl\u00f6dade en l\u00e5gintensiv str\u00f6m av amerikansk juljazz fr\u00e5n Monicas dator som gjorde att alla tillslut drog p\u00e5 munnen.\u00a0<\/p>\n<p><img loading=\"lazy\"   alt=\"\"\/><\/p>\n<p>Ursp\u00e5rade julfester \u00e4r ett v\u00e4rldsarv, skriver Jesper Str\u00f6mb\u00e4ck Eklund. Bild fr\u00e5n \u201dBad santa 2\u201d.<\/p>\n<p>Foto: Broad Green\/Miramax\/Kobal \/ REX<\/p>\n<p>\u00d6ppna bild i helsk\u00e4rm<\/p>\n<p>S\u00e5 kom den p\u00e5kostade julfesten. Dagarna f\u00f6re surrades det en hel del p\u00e5 kontoret eftersom man tidigare \u00e5r bevittnat skaml\u00f6s hedonism, n\u00e5got som de bekv\u00e4ma innerstadsmammorna sedan l\u00e4nge tagit avst\u00e5nd ifr\u00e5n. De torkade bajs och sov d\u00e5ligt. Alla var uppenbart avundsjuka p\u00e5 Monicas menopause glow och julfesterna var crescendot p\u00e5 hennes december. D\u00e5 osade hon av lust och beslutsamhet. Bakom tunga sammetsgardiner hade Monica knullat med en av ekonomicheferna ett \u00e5r \u2013 trots att han var gift! Med lidelseblixtar sk\u00f6ts nuckan ner och f\u00f6rvandlades till julens gudinna.<\/p>\n<p>Jag \u00e4lskade Monica f\u00f6r det.<\/p>\n<p>Innan lustspelet drog i g\u00e5ng det \u00e5ret var jag tvungen att l\u00e4mna festen i panik. Jag hade intagit f\u00f6r stora m\u00e4ngder b\u00e5l som n\u00e5got pucko i ledningsgruppen kryddat med kardemumma och stora m\u00e4ngder gin. En vidrig kombination. I kaskadspyan p\u00e5 toaletten bakom repan gl\u00e4nste \u00f6arna av tranb\u00e4r och russin. Jag fick aldrig se Monica in action och f\u00f6retaget gick sedermera i konkurs.<\/p>\n<blockquote><p>Numera sker inte den h\u00e4r sortens gr\u00e4nsl\u00f6sa evenemang p\u00e5 jobbet.<\/p><\/blockquote>\n<p>N\u00e4r jag n\u00e5gra \u00e5r senare l\u00e4ste om en julfest p\u00e5 <a href=\"https:\/\/www.expressen.se\/nyheter\/polisens-fest-sparade-ur-arg-och-ledsen\/\" rel=\"nofollow noopener\" target=\"_blank\">polish\u00f6gkvarteret i Stockholm<\/a> mindes jag Monicas raison d\u2019\u00eatre: \u201dDionysos bor i mig!\u201d Att de polisanst\u00e4llda levt efter denna devis en kristallklar natt i december gjorde mig lycklig. I tidningen publicerades en l\u00e4sarbild p\u00e5 den bajskorv som hittats i vasken inne p\u00e5 polisens damtoalett och det skrevs \u00e4ven om att kondomer l\u00e5g str\u00f6dda bredvid ett skrivbord d\u00e4r alla saker kastats undan. \u00c5h! Skymtade d\u00e4r ocks\u00e5 ett flottigt avtryck fr\u00e5n en stj\u00e4rt p\u00e5 kortsidan av arbetsytan? Jag hoppas det.\u00a0<\/p>\n<p>Annons<\/p>\n<p>Ursp\u00e5rade julfester \u00e4r ett v\u00e4rldsarv.<\/p>\n<p>Numera sker inte den h\u00e4r sortens gr\u00e4nsl\u00f6sa evenemang p\u00e5 jobbet. Det har enorma konsekvenser. Vad h\u00e4nder d\u00e5 med kvinnor och m\u00e4n som Monica? N\u00e4r julfester f\u00f6rvandlas till sminkade grisar utan alkohol i lokaler som man p\u00e5 dagen utf\u00f6r sitt vanliga arbete i? Folksj\u00e4len f\u00f6rtvinar och l\u00f6ntagarna sp\u00e4ks. I dag drar f\u00f6retagen in p\u00e5 allt. Sn\u00e5lar och sparar, t\u00e4nker nytt, st\u00e4ller in, st\u00e4ller om. Det \u00e4r ett skandal\u00f6st beteende i kristid. Att den h\u00e5rt ansatta offentliga sektorn inte l\u00e4ngre ser det som sin plikt att under en dag p\u00e5 \u00e5ret l\u00e5ta sina anst\u00e4llda balla ur totalt \u00e4r en skam. Som samh\u00e4lle \u00e4r vi v\u00e4rda mer \u00e4n toppstyrd sm\u00e5sinthet.<\/p>\n<p>Jag dr\u00f6mmer om en ny tid f\u00f6r kontorsr\u00e5ttor och sjuksk\u00f6terskor. N\u00e4r julfesten p\u00e5 jobbet infriar l\u00f6ftet om bjud, njut och vulgariteter. Kanske bjuder chefen in till sin takv\u00e5ning? D\u00e4r breder ett hav av l\u00e4skande drycker ut sig p\u00e5 ett matsalsbord. Intill har snittar och plock dukats upp. P\u00e5 stereon d\u00e5nar \u201dJingle bells\u201d ut p\u00e5 balkongen d\u00e4r en klunga st\u00e5r och r\u00f6ker. Alla \u00e4r redo. N\u00e4r d\u00f6rrklockan kl\u00e4mtar \u00e4r det en strippa som ringer p\u00e5.\u00a0<\/p>\n<p>Han \u00e4r utkl\u00e4dd till tomten.\u00a0<\/p>\n<p>Jesper Str\u00f6mb\u00e4ck Eklund \u00e4r kritiker p\u00e5 Expressens kultursida.<\/p>\n<p><strong>L\u00c4S MER: <\/strong><a href=\"https:\/\/www.expressen.se\/kultur\/kulturdebatt\/darfor-blir-du--pilsk-av-julmat\/\" class=\"\" rel=\"nofollow noopener\" target=\"_blank\">D\u00e4rf\u00f6r blir du  pilsk av julmat<\/a><\/p>\n","protected":false},"excerpt":{"rendered":"Jesper Str\u00f6mb\u00e4ck Eklund Publicerad 21 dec 2025 kl 14.00 P\u00e5kostade julfester p\u00e5 arbetsplatser blir allt mer ovanligt i&hellip;\n","protected":false},"author":2,"featured_media":112818,"comment_status":"","ping_status":"","sticky":false,"template":"","format":"standard","meta":{"footnotes":""},"categories":[65],"tags":[72,70,71,34,12348,31,33,32,30,219,5969,145],"class_list":{"0":"post-112817","1":"post","2":"type-post","3":"status-publish","4":"format-standard","5":"has-post-thumbnail","7":"category-ekonomi","8":"tag-business","9":"tag-economy","10":"tag-ekonomi","11":"tag-se","12":"tag-sections-jesperstrombackeklund","13":"tag-svenska","14":"tag-sverige","15":"tag-sweden","16":"tag-swedish","17":"tag-topic-alkohol","18":"tag-topic-hogtider","19":"tag-topic-mat-dryck"},"share_on_mastodon":{"url":"https:\/\/pubeurope.com\/@se\/115757781017476558","error":""},"_links":{"self":[{"href":"https:\/\/www.europesays.com\/se\/wp-json\/wp\/v2\/posts\/112817","targetHints":{"allow":["GET"]}}],"collection":[{"href":"https:\/\/www.europesays.com\/se\/wp-json\/wp\/v2\/posts"}],"about":[{"href":"https:\/\/www.europesays.com\/se\/wp-json\/wp\/v2\/types\/post"}],"author":[{"embeddable":true,"href":"https:\/\/www.europesays.com\/se\/wp-json\/wp\/v2\/users\/2"}],"replies":[{"embeddable":true,"href":"https:\/\/www.europesays.com\/se\/wp-json\/wp\/v2\/comments?post=112817"}],"version-history":[{"count":0,"href":"https:\/\/www.europesays.com\/se\/wp-json\/wp\/v2\/posts\/112817\/revisions"}],"wp:featuredmedia":[{"embeddable":true,"href":"https:\/\/www.europesays.com\/se\/wp-json\/wp\/v2\/media\/112818"}],"wp:attachment":[{"href":"https:\/\/www.europesays.com\/se\/wp-json\/wp\/v2\/media?parent=112817"}],"wp:term":[{"taxonomy":"category","embeddable":true,"href":"https:\/\/www.europesays.com\/se\/wp-json\/wp\/v2\/categories?post=112817"},{"taxonomy":"post_tag","embeddable":true,"href":"https:\/\/www.europesays.com\/se\/wp-json\/wp\/v2\/tags?post=112817"}],"curies":[{"name":"wp","href":"https:\/\/api.w.org\/{rel}","templated":true}]}}