{"id":112821,"date":"2025-12-21T13:28:00","date_gmt":"2025-12-21T13:28:00","guid":{"rendered":"https:\/\/www.europesays.com\/se\/112821\/"},"modified":"2025-12-21T13:28:00","modified_gmt":"2025-12-21T13:28:00","slug":"facket-irriterat-pa-otydligt-asbestkrav-15-minuters-lar-dig-sjalv","status":"publish","type":"post","link":"https:\/\/www.europesays.com\/se\/112821\/","title":{"rendered":"Facket irriterat p\u00e5 otydligt asbestkrav: &#8221;15 minuters l\u00e4r dig sj\u00e4lv&#8221;"},"content":{"rendered":"<p>Fr\u00e5n den 19 december g\u00e4ller nya asbestregler och betydligt fler arbetstagare omfattas av krav p\u00e5 utbildning. Men varken utbildningens l\u00e4ngd eller praktiska moment \u00e4r reglerat. Inte heller vem som f\u00e5r utbilda om asbest. <\/p>\n<p>      <img width=\"800\" height=\"449\" src=\"https:\/\/www.europesays.com\/se\/wp-content\/uploads\/2025\/12\/asbest-aas-800x449.jpg\" class=\"img-fluid\" alt=\"\" decoding=\"async\" loading=\"lazy\"  \/><\/p>\n<p>\n                          Johan Torstensson Aas, arbetsmilj\u00f6ansvarig ombudsman p\u00e5 Byggnads, varnar f\u00f6r att otydliga utbildningskrav kan bana v\u00e4g f\u00f6r snabba och bristf\u00e4lliga asbestutbildningar. Foto: Byggnads\/Mostphotos\n                      <\/p>\n<p>Under fredagen den 19 december tr\u00e4der de nya<a href=\"https:\/\/www.byggnadsarbetaren.se\/snart-stramas-reglerna-kring-asbest-at-bra-for-oss-alla\/\" rel=\"nofollow noopener\" target=\"_blank\"> asbestreglerna i kraft.<\/a> Ett krav \u00e4r att personer p\u00e5 arbetsplatser som \u201dsannolikt\u201d kan exponeras f\u00f6r asbest ska genomg\u00e5 utbildning. Det inneb\u00e4r att betydligt fler \u00e4n tidigare omfattas \u2013 inte bara de som arbetar med rivning och sanering, utan \u00e4ven exempelvis snickare, m\u00e5lare, och VVS-arbetare som arbetar i \u00e4ldre byggnader. \u00c4ndringarna f\u00f6ljer ett uppdaterat EU-direktiv om asbest. Samtidigt som utbildningskraven breddas s\u00e4nks gr\u00e4nsv\u00e4rdet f\u00f6r asbest.<\/p>\n<p>Teori och praktik<\/p>\n<p>Enligt Arbetsmilj\u00f6verket ska utbildningen f\u00f6r dem som sannolikt kan exponeras vara b\u00e5de teoretisk och praktisk samt avslutas med ett kunskapsprov. D\u00e4remot anger regelverket inte vem som f\u00e5r tillhandah\u00e5lla den eller hur utbildningen ska vara upplagd i detalj.<\/p>\n<p><img loading=\"lazy\" decoding=\"async\" class=\" wp-image-183135\" src=\"https:\/\/www.europesays.com\/se\/wp-content\/uploads\/2025\/12\/martin-hedberg-beskuren-436x550.jpg\" alt=\"\" width=\"211\" height=\"266\"  \/>Martin Hedberg, jurist p\u00e5 Arbetsmilj\u00f6verket.<\/p>\n<p>\u2013 Vi skriver inte i f\u00f6reskrifterna vilka delar som ska vara praktiska eller teoretiska. Det \u00e4r upp till utbildaren att avg\u00f6ra, utifr\u00e5n vilket arbete det g\u00e4ller. Samtidigt \u00e4r det h\u00e4r n\u00e5got som vi kan beh\u00f6va titta n\u00e4rmare p\u00e5 fram\u00f6ver.<\/p>\n<p><strong>Hur menar du d\u00e5?<\/strong><\/p>\n<p>\u2013 Precis som med alla v\u00e5ra andra f\u00f6reskrifter kommer vi att f\u00f6lja hur det h\u00e4r fungerar och om vi beh\u00f6ver g\u00f6ra n\u00e5gra f\u00f6r\u00e4ndringar. Om det visar sig att det finns behov av f\u00f6r\u00e4ndringar eller f\u00f6rtydliganden, d\u00e5 f\u00e5r vi \u00f6verv\u00e4ga det, s\u00e4ger Martin Hedberg, jurist p\u00e5 Arbetsmilj\u00f6verket.<\/p>\n<p>\u201d15 minuters l\u00e4r dig sj\u00e4lv\u201d<\/p>\n<p>I f\u00f6reskrifterna finns heller inget krav p\u00e5 hur l\u00e5ng utbildningen ska vara. Det \u00e4r Byggnads kritiska mot. F\u00f6rbundet tycker att det som minst ska kr\u00e4vas 4 timmars utbildning med tanke p\u00e5 inneh\u00e5llets omfattning, krav p\u00e5 praktiska moment samt provskrivning.<\/p>\n<p>\u2013 Det finns ingen som helst information om hur l\u00e5ng utbildningen ska vara eller vad de praktiska momenten ska inneh\u00e5lla. Det \u00e4r ocks\u00e5 de tv\u00e5 fr\u00e5gor som branschen s\u00e4rskilt har efterfr\u00e5gat tydliga svar p\u00e5, men det h\u00e4r ger inte branschen n\u00e5gon ny v\u00e4gledning alls, s\u00e4ger en besviken och irriterad Johan Torstensson Aas, arbetsmilj\u00f6ansvarig ombudsman p\u00e5 Byggnads.<\/p>\n<p>Fruktar oseri\u00f6sa<\/p>\n<p>Nu oroas han f\u00f6r att antalet oseri\u00f6sa utbildningsf\u00f6retag som erbjuder snabba och billiga utbildningar p\u00e5 webben kommer att forts\u00e4tta att v\u00e4xa. Han s\u00e4ger att det finns utbildningar som marknadsf\u00f6r sig med att f\u00f6lja f\u00f6reskriften och som erbjuder 15 minuters \u2019l\u00e4r dig sj\u00e4lv\u2019-utbildningar f\u00f6r n\u00e5gra hundralappar. Och det kan bli \u00e4n v\u00e4rre nu n\u00e4r s\u00e5 m\u00e5nga fler arbetstagare omfattas.<\/p>\n<p>\u2013 Det finns seri\u00f6sa f\u00f6retag som l\u00e4gger tid och resurser p\u00e5 utbildning med praktiska inslag och kunskapsprov, men Arbetsmilj\u00f6verket ger ingen v\u00e4gledning som hj\u00e4lper f\u00f6retagen att v\u00e4lja den v\u00e4gen. I st\u00e4llet riskerar m\u00e5nga att v\u00e4lja den billigaste l\u00f6sningen. Jag \u00e4r \u00f6vertygad om att det kommer gynna oseri\u00f6sa utbildare och jag \u00e4r r\u00e4dd f\u00f6r att fler arbetstagare d\u00e5 riskerar att uts\u00e4ttas f\u00f6r asbest.<\/p>\n<p>En utmaning<\/p>\n<p>Arbetsmilj\u00f6verket \u00e4r medveten om de webbaserade utbildningarna, men menar att regelverket s\u00e4tter gr\u00e4nser f\u00f6r hur l\u00e5ngt myndigheten kan g\u00e5.<\/p>\n<p>\u2013 Det \u00e4r n\u00e5got vi beh\u00f6ver titta p\u00e5, men vi kan inte i f\u00f6reskrifterna st\u00e4lla krav p\u00e5 att utbildningssamordnare ska erbjuda utbildning av en viss omfattning. Det \u00e4r en utmaning f\u00f6r oss, s\u00e4ger Martin Hedberg.<\/p>\n<p>Han betonar att ansvaret f\u00f6r att utbildningen h\u00e5ller r\u00e4tt niv\u00e5 ligger hos arbetsgivaren.<\/p>\n<p>\u2013 Det \u00e4r arbetsgivaren som ansvarar f\u00f6r att den anst\u00e4llde f\u00e5r r\u00e4tt utbildning och f\u00f6r att utbildaren har tillr\u00e4ckliga kunskaper, s\u00e4ger Martin Hedberg.<\/p>\n<p>Samtidigt medger han att regelverket i sig inte alltid r\u00e4cker f\u00f6r att komma \u00e5t arbetsgivare som fr\u00e4mst \u00e4r ute efter ett intyg, snarare \u00e4n faktisk kunskap.<\/p>\n<p>\u2013 De som vill kringg\u00e5 regler blir sv\u00e5ra att komma \u00e5t genom f\u00f6reskrifter. D\u00e4r handlar det i st\u00e4llet om tillsyn och kontroller, d\u00e4r vi granskar intyg och hur arbetsgivaren s\u00e4kerst\u00e4llt att kraven verkligen \u00e4r uppfyllda.<\/p>\n<p>Fler punkter p\u00e5 intyget<\/p>\n<p>N\u00e4r det g\u00e4ller sj\u00e4lva intygen \u00e4r Byggnads kritiska mot att Arbetsmilj\u00f6verket inte kr\u00e4ver att certifikaten finns tillg\u00e4ngliga p\u00e5 jobbet. N\u00e5got som enligt facket i princip g\u00f6r det om\u00f6jligt att genomf\u00f6ra kontroller.<\/p>\n<p>\u2013 Det finns inget krav p\u00e5 att utbildningsintygen ska finnas p\u00e5 arbetsplatsen och det \u00e4r ett problem. N\u00e4r det g\u00f6rs frivilligt signalerar man i praktiken att det inte kommer att f\u00f6ljas upp vid inspektioner, s\u00e4ger Johan Torstensson Aas.<\/p>\n<p>Nytt uppdrag fr\u00e5n regeringen<\/p>\n<p>Samtidigt som den fackliga kritiken lyfts ger regeringen Arbetsmilj\u00f6verket i uppdrag att f\u00f6resl\u00e5 hur kunskapsprov kan inf\u00f6ras. Regeringen vill ocks\u00e5 att myndigheten pekar ut en akt\u00f6r som ska ansvara f\u00f6r att tillhandah\u00e5lla proven. Uppdraget ska redovisas till regeringen senast den 15 oktober 2026.<\/p>\n<p>F\u00e5 de senaste byggnyheterna \u2013 direkt i din mail!\u00a0<a href=\"https:\/\/gansub.com\/s\/FbGg8lCfNdvJOo2\/\" rel=\"nofollow noopener\" target=\"_blank\">Prenumerera p\u00e5 \u201dByggnadsarbetarens nyhetsbrev\u201d.<\/a><\/p>\n","protected":false},"excerpt":{"rendered":"Fr\u00e5n den 19 december g\u00e4ller nya asbestregler och betydligt fler arbetstagare omfattas av krav p\u00e5 utbildning. Men varken&hellip;\n","protected":false},"author":2,"featured_media":112822,"comment_status":"","ping_status":"","sticky":false,"template":"","format":"standard","meta":{"footnotes":""},"categories":[5],"tags":[22,23,26,27,17,21,24,25,28,29,15,16,18,34,31,33,32,30,19,20],"class_list":{"0":"post-112821","1":"post","2":"type-post","3":"status-publish","4":"format-standard","5":"has-post-thumbnail","7":"category-rubriker","8":"tag-breaking-news","9":"tag-breakingnews","10":"tag-featured-news","11":"tag-featurednews","12":"tag-headlines","13":"tag-huvudnyheter","14":"tag-latest-news","15":"tag-latestnews","16":"tag-main-news","17":"tag-mainnews","18":"tag-news","19":"tag-nyheter","20":"tag-rubriker","21":"tag-se","22":"tag-svenska","23":"tag-sverige","24":"tag-sweden","25":"tag-swedish","26":"tag-top-stories","27":"tag-topstories"},"share_on_mastodon":{"url":"https:\/\/pubeurope.com\/@se\/115757797020875289","error":""},"_links":{"self":[{"href":"https:\/\/www.europesays.com\/se\/wp-json\/wp\/v2\/posts\/112821","targetHints":{"allow":["GET"]}}],"collection":[{"href":"https:\/\/www.europesays.com\/se\/wp-json\/wp\/v2\/posts"}],"about":[{"href":"https:\/\/www.europesays.com\/se\/wp-json\/wp\/v2\/types\/post"}],"author":[{"embeddable":true,"href":"https:\/\/www.europesays.com\/se\/wp-json\/wp\/v2\/users\/2"}],"replies":[{"embeddable":true,"href":"https:\/\/www.europesays.com\/se\/wp-json\/wp\/v2\/comments?post=112821"}],"version-history":[{"count":0,"href":"https:\/\/www.europesays.com\/se\/wp-json\/wp\/v2\/posts\/112821\/revisions"}],"wp:featuredmedia":[{"embeddable":true,"href":"https:\/\/www.europesays.com\/se\/wp-json\/wp\/v2\/media\/112822"}],"wp:attachment":[{"href":"https:\/\/www.europesays.com\/se\/wp-json\/wp\/v2\/media?parent=112821"}],"wp:term":[{"taxonomy":"category","embeddable":true,"href":"https:\/\/www.europesays.com\/se\/wp-json\/wp\/v2\/categories?post=112821"},{"taxonomy":"post_tag","embeddable":true,"href":"https:\/\/www.europesays.com\/se\/wp-json\/wp\/v2\/tags?post=112821"}],"curies":[{"name":"wp","href":"https:\/\/api.w.org\/{rel}","templated":true}]}}