{"id":112827,"date":"2025-12-21T13:36:31","date_gmt":"2025-12-21T13:36:31","guid":{"rendered":"https:\/\/www.europesays.com\/se\/112827\/"},"modified":"2025-12-21T13:36:31","modified_gmt":"2025-12-21T13:36:31","slug":"sanktionerat-ryskt-fartyg-med-maskinhaveri-ankrade-i-skane-utrikes","status":"publish","type":"post","link":"https:\/\/www.europesays.com\/se\/112827\/","title":{"rendered":"Sanktionerat ryskt fartyg med maskinhaveri ankrade i Sk\u00e5ne | Utrikes"},"content":{"rendered":"<p class=\"aw-1gybjub aw-5vja16 kEtdKx kmuxyA yle__article__paragraph\">Natten till s\u00f6ndagen bordade det svenska tullverket ett ryskt fartyg som f\u00e5tt maskinhaveri i \u00d6resund och tvingats ankra utanf\u00f6r H\u00f6gan\u00e4s i Sk\u00e5ne. Fartyget \u00e4r belagt med sanktioner. <\/p>\n<p><img decoding=\"async\" alt=\"En man och en kvinna st\u00e5r p\u00e5 en strand och tittar ut mot tv\u00e5 fartyg. \" src=\"https:\/\/www.europesays.com\/se\/wp-content\/uploads\/2025\/12\/39-15731666947eda4d8f4c.jpeg\" class=\"aw-1l9m598 hKVVvP\"\/><\/p>\n<p>\u00d6ppna bildvisare<\/p>\n<p>M\u00e4nniskor stod och tittade p\u00e5 det ryska lastfartyget Adler (fartyget till h\u00f6ger) p\u00e5 s\u00f6ndagen i Nyhamnsl\u00e4ge, norr om H\u00f6gan\u00e4s. Bild: Johan Nilsson \/ TT \/ AFPLyssna (du h\u00f6r en artificiell r\u00f6st) 2:05<\/p>\n<p class=\"aw-1gybjub aw-1p7kakr kEtdKx cEmitX yle__article__paragraph\">Ett ryskt fartyg, som misst\u00e4nks ha kopplingar till den ryska milit\u00e4ren, har ankrat norr om H\u00f6gan\u00e4s p\u00e5 den sk\u00e5nska kusten. Det rapporterar flera svenska medier som <a class=\"aw-iao6s4 iHOxEa yle__article__link\" href=\"https:\/\/www.sverigesradio.se\/artikel\/tullverket-har-bordat-ryskt-fartyg-utanfor-hoganas\" role=\"link\" rel=\"nofollow noopener\" target=\"_blank\">Sveriges radio<\/a> och <a class=\"aw-iao6s4 iHOxEa yle__article__link\" href=\"https:\/\/www.gp.se\/nyheter\/sverige\/ryskt-fartyg-med-sanktioner-har-ankrat-utanfor-skanska-kusten.574554c6-8b15-43bd-98bd-3f12f4de6fd5\" role=\"link\" rel=\"nofollow noopener\" target=\"_blank\">G\u00f6teborgs-Posten<\/a>.<\/p>\n<p><img decoding=\"async\" alt=\"En karta \u00f6ver sundet mellan Sverige och Danmark. St\u00e4derna H\u00f6gan\u00e4s och Helsingborg \u00e4r utm\u00e4rkta p\u00e5 kartan, samt fartyget Adler strax utanf\u00f6r H\u00f6gan\u00e4s. \" src=\"https:\/\/www.europesays.com\/se\/wp-content\/uploads\/2025\/12\/39-15731196947b0ef0cd6e.jpeg\" loading=\"lazy\" class=\"aw-1l9m598 hKVVvP\"\/><\/p>\n<p>\u00d6ppna bildvisare<\/p>\n<p>Bild: Edvin Ekman \/ Yle, MapCreator, OpenStreetMap<\/p>\n<p class=\"aw-1gybjub aw-1p7kakr kEtdKx cEmitX yle__article__paragraph\">Natten till s\u00f6ndagen bordades fartyget Adler av det svenska tullverket.<\/p>\n<p class=\"aw-1gybjub aw-1p7kakr kEtdKx cEmitX yle__article__paragraph\">P\u00e5 s\u00f6ndagen har tullkontrollen fortsatt och tullverkets pressekreterare <strong class=\"aw-ak79eh KyCXm yle__article__strong\">Martin H\u00f6glund<\/strong> s\u00e4ger till <a class=\"aw-iao6s4 iHOxEa yle__article__link\" href=\"https:\/\/www.sverigesradio.se\/artikel\/tullverket-har-bordat-ryskt-fartyg-utanfor-hoganas\" role=\"link\" rel=\"nofollow noopener\" target=\"_blank\">P4 Malm\u00f6hus<\/a> att kontrollen g\u00e5tt lugnt till.<\/p>\n<p class=\"aw-1gybjub aw-1p7kakr kEtdKx cEmitX yle__article__paragraph\">\u2013 Bes\u00e4ttningen var v\u00e4ldigt beredvilliga och tog emot oss d\u00e4r. S\u00e5 enligt den gruppen som utf\u00f6rde kontrollen i natt, s\u00e5 var det lugna och kontrollerade former, har de skrivit till mig h\u00e4r, s\u00e4ger H\u00f6glund.<\/p>\n<p class=\"aw-1gybjub aw-1p7kakr kEtdKx cEmitX yle__article__paragraph\">Fartyget Adler l\u00e4mnade den ryska hamnen Bronka utanf\u00f6r Sankt Petersburg f\u00f6r fem dagar sedan. Under natten till l\u00f6rdagen drabbades fartyget av motorproblem n\u00e4r det f\u00e4rdades norrut genom \u00d6resund.<\/p>\n<p class=\"aw-1gybjub aw-1p7kakr kEtdKx cEmitX yle__article__paragraph\">Enligt databasen <a class=\"aw-iao6s4 iHOxEa yle__article__link\" href=\"https:\/\/www.opensanctions.org\/entities\/NK-d8g6ScMF8FvH2vRiAwL76y\/\" role=\"link\" rel=\"nofollow noopener\" target=\"_blank\">Opensanctions<\/a> har fartyget Adler \u00e5tminstone tidigare fraktat vapen f\u00f6r Ryssland. Fartyget \u00e4r belagt med sanktioner b\u00e5de i USA och i Ukraina.<\/p>\n<p>Fartyget har transporterat vapen<\/p>\n<p class=\"aw-1gybjub aw-1p7kakr kEtdKx cEmitX yle__article__paragraph\">Fartygets \u00e4gare, det ryska rederiet M Leasing LLC, \u00e4r sedan 2022 belagt med sanktioner av USA f\u00f6r dess inblandning i vapentransporter.<\/p>\n<p class=\"aw-1gybjub aw-1p7kakr kEtdKx cEmitX yle__article__paragraph\">Enligt Opensanctions har Adler under 2024 och 2025 fr\u00e4mst trafikerat ryska och v\u00e4st- eller nordafrikanska hamnar.<\/p>\n<p class=\"aw-1gybjub aw-1p7kakr kEtdKx cEmitX yle__article__paragraph\">Det \u00e4r oklart vad fartyget nu transporterar eller vart det var p\u00e5 v\u00e4g.<\/p>\n<p class=\"aw-1gybjub aw-1p7kakr kEtdKx cEmitX yle__article__paragraph\">Enligt det svenska sj\u00f6fartsverket \u00e4r det ovanligt att ett sanktionerat fartyg ankrar utanf\u00f6r Sveriges kust.<\/p>\n<p class=\"aw-1gybjub aw-1p7kakr kEtdKx cEmitX yle__article__paragraph\">\u2013 Det \u00e4r inte mycket vi kan g\u00f6ra om de har maskinproblem, men vi har underr\u00e4ttat alla myndigheter, s\u00e4ger <strong class=\"aw-ak79eh KyCXm yle__article__strong\">Marco Svensson<\/strong>, chef p\u00e5 sj\u00f6fartsverkets bevakningscentral Sound VTS till <a class=\"aw-iao6s4 iHOxEa yle__article__link\" href=\"https:\/\/www.gp.se\/nyheter\/sverige\/ryskt-fartyg-med-sanktioner-har-ankrat-utanfor-skanska-kusten.574554c6-8b15-43bd-98bd-3f12f4de6fd5\" role=\"link\" rel=\"nofollow noopener\" target=\"_blank\">Helsingborgs dagblad<\/a>.<\/p>\n","protected":false},"excerpt":{"rendered":"Natten till s\u00f6ndagen bordade det svenska tullverket ett ryskt fartyg som f\u00e5tt maskinhaveri i \u00d6resund och tvingats ankra&hellip;\n","protected":false},"author":2,"featured_media":112828,"comment_status":"","ping_status":"","sticky":false,"template":"","format":"standard","meta":{"footnotes":""},"categories":[5],"tags":[22,23,2986,2985,26,27,17,21,24,25,28,29,15,16,3344,18,12349,1788,264,12350,3722,34,6504,3970,3135,31,33,32,30,19,20,3658,263,237],"class_list":{"0":"post-112827","1":"post","2":"type-post","3":"status-publish","4":"format-standard","5":"has-post-thumbnail","7":"category-rubriker","8":"tag-breaking-news","9":"tag-breakingnews","10":"tag-farkoster","11":"tag-fartyg","12":"tag-featured-news","13":"tag-featurednews","14":"tag-headlines","15":"tag-huvudnyheter","16":"tag-latest-news","17":"tag-latestnews","18":"tag-main-news","19":"tag-mainnews","20":"tag-news","21":"tag-nyheter","22":"tag-oresund","23":"tag-rubriker","24":"tag-ryska","25":"tag-ryskt-anfall-mot-ukraina","26":"tag-ryssland","27":"tag-sankt-petersburg","28":"tag-sanktioner","29":"tag-se","30":"tag-sjofartsverket","31":"tag-sjotrafik","32":"tag-skane","33":"tag-svenska","34":"tag-sverige","35":"tag-sweden","36":"tag-swedish","37":"tag-top-stories","38":"tag-topstories","39":"tag-tullverket","40":"tag-ukraina","41":"tag-utrikes"},"share_on_mastodon":{"url":"https:\/\/pubeurope.com\/@se\/115757828412096109","error":""},"_links":{"self":[{"href":"https:\/\/www.europesays.com\/se\/wp-json\/wp\/v2\/posts\/112827","targetHints":{"allow":["GET"]}}],"collection":[{"href":"https:\/\/www.europesays.com\/se\/wp-json\/wp\/v2\/posts"}],"about":[{"href":"https:\/\/www.europesays.com\/se\/wp-json\/wp\/v2\/types\/post"}],"author":[{"embeddable":true,"href":"https:\/\/www.europesays.com\/se\/wp-json\/wp\/v2\/users\/2"}],"replies":[{"embeddable":true,"href":"https:\/\/www.europesays.com\/se\/wp-json\/wp\/v2\/comments?post=112827"}],"version-history":[{"count":0,"href":"https:\/\/www.europesays.com\/se\/wp-json\/wp\/v2\/posts\/112827\/revisions"}],"wp:featuredmedia":[{"embeddable":true,"href":"https:\/\/www.europesays.com\/se\/wp-json\/wp\/v2\/media\/112828"}],"wp:attachment":[{"href":"https:\/\/www.europesays.com\/se\/wp-json\/wp\/v2\/media?parent=112827"}],"wp:term":[{"taxonomy":"category","embeddable":true,"href":"https:\/\/www.europesays.com\/se\/wp-json\/wp\/v2\/categories?post=112827"},{"taxonomy":"post_tag","embeddable":true,"href":"https:\/\/www.europesays.com\/se\/wp-json\/wp\/v2\/tags?post=112827"}],"curies":[{"name":"wp","href":"https:\/\/api.w.org\/{rel}","templated":true}]}}