{"id":112831,"date":"2025-12-21T13:39:16","date_gmt":"2025-12-21T13:39:16","guid":{"rendered":"https:\/\/www.europesays.com\/se\/112831\/"},"modified":"2025-12-21T13:39:16","modified_gmt":"2025-12-21T13:39:16","slug":"mamman-i-julkalendern-tidstjuven-gravid-under-inspelningen","status":"publish","type":"post","link":"https:\/\/www.europesays.com\/se\/112831\/","title":{"rendered":"Mamman i julkalendern \u201dTidstjuven\u201d: Gravid under inspelningen"},"content":{"rendered":"<p>I b\u00f6rjan av graviditeten under inspelningen<\/p>\n<p class=\"boxtextgrotesk-root_baa6 hyperion-css-7pajle\">Uppdaterad 14.28 | Publicerad 12.05<\/p>\n<p>share-arrowDela<\/p>\n<p>unsaveSpara<\/p>\n<p class=\"hyperion-css-1shl3oz\" data-test-tag=\"lead-text\">Maja Rung spelar mamma Moa i \u00e5rets julkalender \u201dTidstjuven\u201d. <\/p>\n<p class=\"hyperion-css-1shl3oz\" data-test-tag=\"lead-text\">Hon var gravid under inspelningen, men valde att h\u00e5lla det hemligt.<\/p>\n<p><img decoding=\"async\" src=\"https:\/\/www.europesays.com\/se\/wp-content\/uploads\/2025\/12\/ad4d7d97b3accef9a2d208452b805ac1.jpg\" class=\"thumbnail-image_fbfd thumbnail-portrait_fbfd\" alt=\"Snabba fr\u00e5gor med julkalenderbarnen\"\/><\/p>\n<p>Snabba fr\u00e5gor med julkalenderbarnen<\/p>\n<p>0:48<\/p>\n<p class=\"hyperion-css-1v9qo5x\">SVT:s julkalender spelades in i b\u00f6rjan av 2025. <\/p>\n<p class=\"hyperion-css-1v9qo5x\">D\u00e5 var en av huvudpersonerna, <strong>Maja Rung<\/strong>, alldeles i b\u00f6rjan av sin graviditet. <\/p>\n<p class=\"hyperion-css-1v9qo5x\">Det var f\u00f6r tidigt f\u00f6r att n\u00e5gon gravidmage skulle synas och hon valde att h\u00e5lla det hela hemligt, ber\u00e4ttar hon f\u00f6r <a aria-label=\"Expressen\" class=\"entertainment hyperion-css-15jkft9\" href=\"https:\/\/www.expressen.se\/noje\/maja-rungs-hemlighet-nar-tidstjuven-spelades-in\/\" rel=\"noopener nofollow noreferrer\" data-test-tag=\"external-link\" target=\"_blank\">Expressen<\/a>.<\/p>\n<p class=\"hyperion-css-1v9qo5x\">\u2013 Jag ville inte att folk skulle vara s\u00e5 h\u00e4r: \u2019\u00c4r du tr\u00f6tt? Beh\u00f6ver du g\u00e5 och vila?\u2019. Att de skulle behandla mig annorlunda, s\u00e4ger Rung.<\/p>\n<p>expand-left<\/p>\n<p>helsk\u00e4rm<img decoding=\"async\" class=\"image-asset hyperion-css-1v9n1pa\" data-test-tag=\"image-asset\" src=\"https:\/\/www.europesays.com\/se\/wp-content\/uploads\/2025\/12\/aabbb23b-8fcd-403a-b489-591239d7f89d\"  alt=\"Maja Rung.\"  loading=\"eager\" fetchpriority=\"high\" style=\"aspect-ratio:1900 \/ 1267\"\/>Maja Rung. Foto: Robin Lorentz Allard\u201dFick g\u00e5 och spy\u201d<\/p>\n<p class=\"hyperion-css-1v9qo5x\">D\u00e4remot h\u00e4nde det att hon m\u00e5dde illa.<\/p>\n<p class=\"hyperion-css-1v9qo5x\">\u2013 Jag fick g\u00e5 och spy ibland, s\u00e4ger hon till Expressen.<\/p>\n<p class=\"hyperion-css-1v9qo5x\">Hennes nyf\u00f6dde son, som var med p\u00e5 presstr\u00e4ffen inf\u00f6r julkalendern i november, har f\u00e5tt namnet Adrian.<\/p>\n<p>chevron-leftf\u00f6reg\u00e5ende<\/p>\n<ul class=\"carousel-container-viewport\" style=\"transform:translate3d(0%, 0, 0)\">\n<li class=\"carousel-slide\" style=\"z-index:1;filter:none(1);padding-bottom:82.8421%\"><img decoding=\"async\" class=\"image-asset hyperion-css-97z1za\" data-test-tag=\"image-asset\" src=\"https:\/\/www.europesays.com\/se\/wp-content\/uploads\/2025\/12\/ab048dae-2238-437d-a103-80c7e6fb6343\"  alt=\"\"  fetchpriority=\"auto\" style=\"aspect-ratio:1900 \/ 1574\"\/><\/li>\n<li class=\"carousel-slide\" style=\"filter:none(0.3);padding-bottom:82.8421%\"><img decoding=\"async\" class=\"image-asset hyperion-css-hnj6rp\" data-test-tag=\"image-asset\" src=\"https:\/\/www.europesays.com\/se\/wp-content\/uploads\/2025\/12\/35afb3f1-bea7-49e8-b9af-ad4dd6b239c0\"  alt=\"\"  fetchpriority=\"auto\" style=\"aspect-ratio:1900 \/ 1267\"\/><\/li>\n<\/ul>\n<p>expand-left<\/p>\n<p>helsk\u00e4rmchevron-rightn\u00e4staBlanca Eliasson, Maja Rung, Gusten Wickberg och Simon J Berger.<\/p>\n<p>1 \/ 2Foto: Johan Paulin\/SVT<\/p>\n","protected":false},"excerpt":{"rendered":"I b\u00f6rjan av graviditeten under inspelningen Uppdaterad 14.28 | Publicerad 12.05 share-arrowDela unsaveSpara Maja Rung spelar mamma Moa&hellip;\n","protected":false},"author":2,"featured_media":112832,"comment_status":"","ping_status":"","sticky":false,"template":"","format":"standard","meta":{"footnotes":""},"categories":[67],"tags":[104,34,31,33,32,30,105],"class_list":{"0":"post-112831","1":"post","2":"type-post","3":"status-publish","4":"format-standard","5":"has-post-thumbnail","7":"category-underhallning","8":"tag-entertainment","9":"tag-se","10":"tag-svenska","11":"tag-sverige","12":"tag-sweden","13":"tag-swedish","14":"tag-underhallning"},"share_on_mastodon":{"url":"https:\/\/pubeurope.com\/@se\/115757840184511478","error":""},"_links":{"self":[{"href":"https:\/\/www.europesays.com\/se\/wp-json\/wp\/v2\/posts\/112831","targetHints":{"allow":["GET"]}}],"collection":[{"href":"https:\/\/www.europesays.com\/se\/wp-json\/wp\/v2\/posts"}],"about":[{"href":"https:\/\/www.europesays.com\/se\/wp-json\/wp\/v2\/types\/post"}],"author":[{"embeddable":true,"href":"https:\/\/www.europesays.com\/se\/wp-json\/wp\/v2\/users\/2"}],"replies":[{"embeddable":true,"href":"https:\/\/www.europesays.com\/se\/wp-json\/wp\/v2\/comments?post=112831"}],"version-history":[{"count":0,"href":"https:\/\/www.europesays.com\/se\/wp-json\/wp\/v2\/posts\/112831\/revisions"}],"wp:featuredmedia":[{"embeddable":true,"href":"https:\/\/www.europesays.com\/se\/wp-json\/wp\/v2\/media\/112832"}],"wp:attachment":[{"href":"https:\/\/www.europesays.com\/se\/wp-json\/wp\/v2\/media?parent=112831"}],"wp:term":[{"taxonomy":"category","embeddable":true,"href":"https:\/\/www.europesays.com\/se\/wp-json\/wp\/v2\/categories?post=112831"},{"taxonomy":"post_tag","embeddable":true,"href":"https:\/\/www.europesays.com\/se\/wp-json\/wp\/v2\/tags?post=112831"}],"curies":[{"name":"wp","href":"https:\/\/api.w.org\/{rel}","templated":true}]}}