{"id":112833,"date":"2025-12-21T13:41:09","date_gmt":"2025-12-21T13:41:09","guid":{"rendered":"https:\/\/www.europesays.com\/se\/112833\/"},"modified":"2025-12-21T13:41:09","modified_gmt":"2025-12-21T13:41:09","slug":"bara-nio-dagar-kvar-av-postutdelning-i-danmark","status":"publish","type":"post","link":"https:\/\/www.europesays.com\/se\/112833\/","title":{"rendered":"Bara nio dagar kvar av postutdelning i Danmark"},"content":{"rendered":"<p>Efter 400 \u00e5r av brevutdelning \u00e4r det \u00f6ver. Den 30 december delar Postnord ut de sista fysiska breven i Danmark, skriver The Guardian. F\u00f6retaget meddelade tidigare i \u00e5r att man slutar dela ut brev p\u00e5 grund av Danmarks l\u00e5ngtg\u00e5ende digitalisering.<\/p>\n<p>Tidigare i december s\u00e5lde Postnord flera hundra av de karakt\u00e4ristiska r\u00f6da postl\u00e5dorna. Priset var 2\u202f000 danska kronor.<\/p>\n<p>Danskarna kommer fortsatt kunna skicka brev via budfirman Dao. Men d\u00e5 m\u00e5ste kunderna l\u00e4mna in brevet p\u00e5 ett av Daos ombud och betala f\u00f6r frakten i en app.<\/p>\n<p>Omni \u00e4r politiskt obundna och oberoende. Vi str\u00e4var efter att ge fler perspektiv p\u00e5 nyheterna. Har du fr\u00e5gor eller synpunkter kring v\u00e5r rapportering? <a href=\"https:\/\/omni.se\/bara-nio-dagar-kvar-av-postutdelning-i-danmark\/a\/mailto:redaktion@omni.se\" class=\"ArticleActions_contactLink__W2F1M\" rel=\"nofollow noopener\" target=\"_blank\">Kontakta redaktionen<\/a><\/p>\n","protected":false},"excerpt":{"rendered":"Efter 400 \u00e5r av brevutdelning \u00e4r det \u00f6ver. Den 30 december delar Postnord ut de sista fysiska breven&hellip;\n","protected":false},"author":2,"featured_media":112834,"comment_status":"","ping_status":"","sticky":false,"template":"","format":"standard","meta":{"footnotes":""},"categories":[65],"tags":[72,1205,70,71,267,1673,34,31,33,32,30],"class_list":{"0":"post-112833","1":"post","2":"type-post","3":"status-publish","4":"format-standard","5":"has-post-thumbnail","7":"category-ekonomi","8":"tag-business","9":"tag-danmark","10":"tag-economy","11":"tag-ekonomi","12":"tag-europa","13":"tag-postnord","14":"tag-se","15":"tag-svenska","16":"tag-sverige","17":"tag-sweden","18":"tag-swedish"},"share_on_mastodon":{"url":"https:\/\/pubeurope.com\/@se\/115757847880817145","error":""},"_links":{"self":[{"href":"https:\/\/www.europesays.com\/se\/wp-json\/wp\/v2\/posts\/112833","targetHints":{"allow":["GET"]}}],"collection":[{"href":"https:\/\/www.europesays.com\/se\/wp-json\/wp\/v2\/posts"}],"about":[{"href":"https:\/\/www.europesays.com\/se\/wp-json\/wp\/v2\/types\/post"}],"author":[{"embeddable":true,"href":"https:\/\/www.europesays.com\/se\/wp-json\/wp\/v2\/users\/2"}],"replies":[{"embeddable":true,"href":"https:\/\/www.europesays.com\/se\/wp-json\/wp\/v2\/comments?post=112833"}],"version-history":[{"count":0,"href":"https:\/\/www.europesays.com\/se\/wp-json\/wp\/v2\/posts\/112833\/revisions"}],"wp:featuredmedia":[{"embeddable":true,"href":"https:\/\/www.europesays.com\/se\/wp-json\/wp\/v2\/media\/112834"}],"wp:attachment":[{"href":"https:\/\/www.europesays.com\/se\/wp-json\/wp\/v2\/media?parent=112833"}],"wp:term":[{"taxonomy":"category","embeddable":true,"href":"https:\/\/www.europesays.com\/se\/wp-json\/wp\/v2\/categories?post=112833"},{"taxonomy":"post_tag","embeddable":true,"href":"https:\/\/www.europesays.com\/se\/wp-json\/wp\/v2\/tags?post=112833"}],"curies":[{"name":"wp","href":"https:\/\/api.w.org\/{rel}","templated":true}]}}