{"id":112835,"date":"2025-12-21T13:44:10","date_gmt":"2025-12-21T13:44:10","guid":{"rendered":"https:\/\/www.europesays.com\/se\/112835\/"},"modified":"2025-12-21T13:44:10","modified_gmt":"2025-12-21T13:44:10","slug":"omstallning-till-mindre-kott-motarbetas","status":"publish","type":"post","link":"https:\/\/www.europesays.com\/se\/112835\/","title":{"rendered":"Omst\u00e4llning till mindre k\u00f6tt motarbetas"},"content":{"rendered":"<p>            <a href=\"https:\/\/tidningensyre.se\/sektion\/zoom\/\" class=\"article__breadcrumb-link article__breadcrumb-link--blue\" rel=\"nofollow noopener\" target=\"_blank\">Zoom<\/a><\/p>\n<p>\n            Publicerad 6 timmar sedan\n        <\/p>\n<p>\n                    Under julen \u00e4r det m\u00e5nga som \u00e4ter extra mycket k\u00f6tt och s\u00f6tsaker fast kostr\u00e5d f\u00f6respr\u00e5kar mer gr\u00f6nt. Foto: Johan Nilsson\/TT\n            <\/p>\n<p class=\"article__sublead\">Vi m\u00e5ste \u00e4ta mindre k\u00f6tt och mer v\u00e4xtbaserat, f\u00f6r v\u00e5r egen h\u00e4lsa och v\u00e5r planet, f\u00f6r att inte n\u00e4mna djuren. Det visar flera vetenskapliga studier och myndighetsutredningar. \u00c4nd\u00e5 \u00e4r det m\u00e5nga som motarbetar en omst\u00e4llning, och Sveriges regering med landsbygdsminister Peter Kullgren i spetsen vill i st\u00e4llet \u00f6ka den svenska k\u00f6ttproduktionen.<\/p>\n","protected":false},"excerpt":{"rendered":"Zoom Publicerad 6 timmar sedan Under julen \u00e4r det m\u00e5nga som \u00e4ter extra mycket k\u00f6tt och s\u00f6tsaker fast&hellip;\n","protected":false},"author":2,"featured_media":112836,"comment_status":"","ping_status":"","sticky":false,"template":"","format":"standard","meta":{"footnotes":""},"categories":[5],"tags":[22,23,26,27,17,21,24,25,28,29,15,16,18,34,31,33,32,30,19,20],"class_list":{"0":"post-112835","1":"post","2":"type-post","3":"status-publish","4":"format-standard","5":"has-post-thumbnail","7":"category-rubriker","8":"tag-breaking-news","9":"tag-breakingnews","10":"tag-featured-news","11":"tag-featurednews","12":"tag-headlines","13":"tag-huvudnyheter","14":"tag-latest-news","15":"tag-latestnews","16":"tag-main-news","17":"tag-mainnews","18":"tag-news","19":"tag-nyheter","20":"tag-rubriker","21":"tag-se","22":"tag-svenska","23":"tag-sverige","24":"tag-sweden","25":"tag-swedish","26":"tag-top-stories","27":"tag-topstories"},"share_on_mastodon":{"url":"https:\/\/pubeurope.com\/@se\/115757859642120147","error":""},"_links":{"self":[{"href":"https:\/\/www.europesays.com\/se\/wp-json\/wp\/v2\/posts\/112835","targetHints":{"allow":["GET"]}}],"collection":[{"href":"https:\/\/www.europesays.com\/se\/wp-json\/wp\/v2\/posts"}],"about":[{"href":"https:\/\/www.europesays.com\/se\/wp-json\/wp\/v2\/types\/post"}],"author":[{"embeddable":true,"href":"https:\/\/www.europesays.com\/se\/wp-json\/wp\/v2\/users\/2"}],"replies":[{"embeddable":true,"href":"https:\/\/www.europesays.com\/se\/wp-json\/wp\/v2\/comments?post=112835"}],"version-history":[{"count":0,"href":"https:\/\/www.europesays.com\/se\/wp-json\/wp\/v2\/posts\/112835\/revisions"}],"wp:featuredmedia":[{"embeddable":true,"href":"https:\/\/www.europesays.com\/se\/wp-json\/wp\/v2\/media\/112836"}],"wp:attachment":[{"href":"https:\/\/www.europesays.com\/se\/wp-json\/wp\/v2\/media?parent=112835"}],"wp:term":[{"taxonomy":"category","embeddable":true,"href":"https:\/\/www.europesays.com\/se\/wp-json\/wp\/v2\/categories?post=112835"},{"taxonomy":"post_tag","embeddable":true,"href":"https:\/\/www.europesays.com\/se\/wp-json\/wp\/v2\/tags?post=112835"}],"curies":[{"name":"wp","href":"https:\/\/api.w.org\/{rel}","templated":true}]}}