{"id":112837,"date":"2025-12-21T13:47:07","date_gmt":"2025-12-21T13:47:07","guid":{"rendered":"https:\/\/www.europesays.com\/se\/112837\/"},"modified":"2025-12-21T13:47:07","modified_gmt":"2025-12-21T13:47:07","slug":"alex-schulmans-attack-mot-viktor-philipsson-efter-luciaklippet","status":"publish","type":"post","link":"https:\/\/www.europesays.com\/se\/112837\/","title":{"rendered":"Alex Schulmans attack mot Viktor Philipsson \u2013 efter luciaklippet"},"content":{"rendered":"<p>Publicerad 21 dec 2025 kl 14.33<\/p>\n<p>Sambon Viktor Philipson gick till Carolina Gynnings f\u00f6rsvar efter den kritiserade luciafilmen \u2013 men Alex Schulman \u00e4r inte imponerad.\u00a0<\/p>\n<p>\u2013 Han framst\u00e5r som helt dum i huvudet h\u00e4r, s\u00e4ger han i <a href=\"https:\/\/poddtoppen.se\/podcast\/534137041\/alex-sigges-podcast\" rel=\"nofollow noopener\" target=\"_blank\">\u201dAlex och Sigge\u201d. <\/a>\u00a0<\/p>\n<p>Nu kommer Philipson med en motattack och kallar Schulman f\u00f6r \u201den gamnackad korridorskrypare\u201d.<\/p>\n<p>Senaste klippen fr\u00e5n Expressen inom n\u00f6je.<img   alt=\"\"\/><\/p>\n<p>I en video p\u00e5 Instagram kommenterade Viktor Philipson kritiken mot parets luciafilmer.<\/p>\n<p>Foto: Instagram<\/p>\n<p>\u00d6ppna bild i helsk\u00e4rm<img loading=\"lazy\"   alt=\"\"\/><\/p>\n<p>Carolina Gynning postade en film p\u00e5 dotterns luciat\u00e5g till sitt konto med n\u00e4stan 800 000 f\u00f6ljare.<\/p>\n<p>Foto: KARIN T\u00d6RNBLOM \/ IBL<\/p>\n<p>\u00d6ppna bild i helsk\u00e4rm<img loading=\"lazy\"   alt=\"\"\/><\/p>\n<p>I podcasten \u201dAlex och Sigge\u201d s\u00e4ger Schulman att Philipson framst\u00e5r som \u201ddum i huvudet\u201d.<\/p>\n<p>Foto: ANNA-KARIN NILSSON<\/p>\n<p>\u00d6ppna bild i helsk\u00e4rm<\/p>\n<p>I samband med lucia delade tv-profilen <a href=\"https:\/\/www.expressen.se\/tagg\/person\/carolina-gynning\/\" class=\"\" rel=\"nofollow noopener\" target=\"_blank\">Carolina Gynning<\/a> en film fr\u00e5n dotterns luciat\u00e5g, n\u00e5got som m\u00f6tt kritik i b\u00e5de sociala medier och uppm\u00e4rksammats i media.\u00a0<\/p>\n<p>Anledningen till kritiken \u00e4r att i filmen syns fler barn \u00e4n hennes eget och Gynnings Instagramkonto f\u00f6ljs av n\u00e4stan 800 000 personer. \u00a0\u00a0<\/p>\n<p>Artikeln i korthet:<\/p>\n<p>Carolina Gynning fick kritik efter att ha lagt ut en film p\u00e5 dotterns luciat\u00e5g \u2013 d\u00e4r flera barn syntes.<\/p>\n<p>Sambon Viktor Philipson f\u00f6rsvarade henne och kallade kritiken \u201didiotisk\u201d.<\/p>\n<p>Alex Schulman s\u00e5g klippet och sa att Philipson \u201dframst\u00e5r som helt dum i huvudet\u201d i sin podd.<\/p>\n<p>Philipson svarar att han st\u00e5r fast vid sitt f\u00f6rsvar och kallar Schulman \u201den t\u00f6nt\u201d.<\/p>\n<p>Visa mer<\/p>\n<p>N\u00e5gon som g\u00e5tt till Gynnings f\u00f6rsvar \u00e4r sambon Viktor Philipson, \u00e4ven pappa till dottern i luciafilmen.\u00a0<\/p>\n<p>I ett klipp som Philipson laddade upp p\u00e5 Instagram, som nu inte finns kvar, sa han att det \u00e4r \u201dhelt idiotiskt\u201d att alla ska beh\u00f6va lida f\u00f6r att n\u00e5gra barn k\u00e4nner sig obekv\u00e4ma med att bli filmade och fotade eller att det finns barn med skyddad identitet.\u00a0<\/p>\n<p>\u2013 Det \u00e4r kommunistiskt. Om det \u00e4r ett barn med skyddad identitet, d\u00e5 beh\u00f6ver inte den vara med i luciat\u00e5get. Eller s\u00e5 kan den ha tomtesk\u00e4gg, s\u00e4ger han bland annat.\u00a0<\/p>\n<p>Videoklippet spelas upp i veckans avsnitt av podcasten \u201dAlex och Sigge\u201d.\u00a0<\/p>\n<p>N\u00e4r Schulman f\u00e5tt se sambons \u201df\u00f6rsvar\u201d \u00e4r han inte imponerad:<\/p>\n<p>\u2013 Han \u00e4r ju helt ute och cyklar. Det m\u00e5ste man faktiskt s\u00e4ga, va? Han framst\u00e5r som helt dum i huvudet h\u00e4r. Vad \u00e4r det han s\u00e4ger? fr\u00e5gar Schulman och Eklund skrattar h\u00f6gt.<\/p>\n<p>Schulman: \u201dJag vill inte att andra ska l\u00e4gga ut filmer\u201d<\/p>\n<p>Alex Schulman f\u00f6rst\u00e5r inte hur paret resonerat n\u00e4r de valde att dela klippen p\u00e5 luciat\u00e5get.<\/p>\n<p>\u2013 Om mitt barn g\u00e5r i luciat\u00e5g \u2013\u00a0det \u00e4r klart att jag inte vill att andra ska l\u00e4gga ut filmer p\u00e5 honom eller henne. Jag fattar inte, s\u00e4ger Schulman.\u00a0<\/p>\n<p>Han f\u00f6rst\u00e5r d\u00e4remot att man kan g\u00f6ra ett misstag, men att paret borde ha tagit bort filmen n\u00e4r klasskompisarnas f\u00f6r\u00e4ldrar bett dem g\u00f6ra det.\u00a0<\/p>\n<p>I st\u00e4llet f\u00f6r att ta bort klippet laddade Philipson upp ett nytt som visar luciat\u00e5get ur en annan vinkel.\u00a0<\/p>\n<p>\u2013 \u00c4r inte det superkonstigt? fr\u00e5gar Schulman.\u00a0<\/p>\n<p>Viktor Philipson: \u201dGamnackad korridorskrypare\u201d<\/p>\n<p>I ett mejl till Expressen kommenterar Viktor Philipson orden som Alex Schulman yttrat i podcasten:<\/p>\n<p>\u201dVad Alexander s\u00e4ger eller inte s\u00e4ger i sin podd skiter jag i. Vi har gemensamma v\u00e4nner och jag k\u00e4nner hans fru sen l\u00e5ngt tillbaka. N\u00e4r man tr\u00e4ffar honom privat \u00e4r han en gamnackad korridorskrypare. S\u00e5 l\u00e5t honom mucka. Jag bryr mig inte. Han \u00e4r en t\u00f6nt\u201d, inleder han.\u00a0<\/p>\n<p>Vidare skriver Philipson att han st\u00e5r fast vid vad han sj\u00e4lv sa i videon p\u00e5 Instagram.\u00a0<\/p>\n<p>\u201dD\u00e4remot verkar folk inte fatta att jag inte l\u00e4gger n\u00e5gon v\u00e4rdering i huruvida man vill l\u00e4gga upp luciat\u00e5g p\u00e5 Instagram eller inte. Det kan v\u00e4l skolorna r\u00f6sta om eller n\u00e5tt. Men sj\u00e4lvklart m\u00e5ste man f\u00e5 filma och fota. Det jag ville f\u00e5 fram \u00e4r att jag tycker det \u00e4r v\u00e4ldigt olyckligt n\u00e4r man b\u00f6rjar f\u00f6rbjuda gamla traditioner som avslutning i kyrkor, nationals\u00e5ngen, luciat\u00e5g och pepparkaksgubbar till f\u00f6rm\u00e5n f\u00f6r n\u00e5gra f\u00e5 individer. Snart f\u00e5r vi v\u00e4l inte fira midsommar eller valborgsm\u00e4ssoafton. Det \u00e4r inte bara synd det \u00e4r farligt ocks\u00e5\u201d, skriver han.<\/p>\n","protected":false},"excerpt":{"rendered":"Publicerad 21 dec 2025 kl 14.33 Sambon Viktor Philipson gick till Carolina Gynnings f\u00f6rsvar efter den kritiserade luciafilmen&hellip;\n","protected":false},"author":2,"featured_media":112838,"comment_status":"","ping_status":"","sticky":false,"template":"","format":"standard","meta":{"footnotes":""},"categories":[67],"tags":[104,1775,3782,12004,34,31,33,32,30,105],"class_list":{"0":"post-112837","1":"post","2":"type-post","3":"status-publish","4":"format-standard","5":"has-post-thumbnail","7":"category-underhallning","8":"tag-entertainment","9":"tag-person-alex-schulman","10":"tag-person-carolina-gynning","11":"tag-person-viktor-philipson","12":"tag-se","13":"tag-svenska","14":"tag-sverige","15":"tag-sweden","16":"tag-swedish","17":"tag-underhallning"},"share_on_mastodon":{"url":"https:\/\/pubeurope.com\/@se\/115757871460782124","error":""},"_links":{"self":[{"href":"https:\/\/www.europesays.com\/se\/wp-json\/wp\/v2\/posts\/112837","targetHints":{"allow":["GET"]}}],"collection":[{"href":"https:\/\/www.europesays.com\/se\/wp-json\/wp\/v2\/posts"}],"about":[{"href":"https:\/\/www.europesays.com\/se\/wp-json\/wp\/v2\/types\/post"}],"author":[{"embeddable":true,"href":"https:\/\/www.europesays.com\/se\/wp-json\/wp\/v2\/users\/2"}],"replies":[{"embeddable":true,"href":"https:\/\/www.europesays.com\/se\/wp-json\/wp\/v2\/comments?post=112837"}],"version-history":[{"count":0,"href":"https:\/\/www.europesays.com\/se\/wp-json\/wp\/v2\/posts\/112837\/revisions"}],"wp:featuredmedia":[{"embeddable":true,"href":"https:\/\/www.europesays.com\/se\/wp-json\/wp\/v2\/media\/112838"}],"wp:attachment":[{"href":"https:\/\/www.europesays.com\/se\/wp-json\/wp\/v2\/media?parent=112837"}],"wp:term":[{"taxonomy":"category","embeddable":true,"href":"https:\/\/www.europesays.com\/se\/wp-json\/wp\/v2\/categories?post=112837"},{"taxonomy":"post_tag","embeddable":true,"href":"https:\/\/www.europesays.com\/se\/wp-json\/wp\/v2\/tags?post=112837"}],"curies":[{"name":"wp","href":"https:\/\/api.w.org\/{rel}","templated":true}]}}