{"id":112841,"date":"2025-12-21T13:52:11","date_gmt":"2025-12-21T13:52:11","guid":{"rendered":"https:\/\/www.europesays.com\/se\/112841\/"},"modified":"2025-12-21T13:52:11","modified_gmt":"2025-12-21T13:52:11","slug":"straffas-hart-efter-nya-filmningen","status":"publish","type":"post","link":"https:\/\/www.europesays.com\/se\/112841\/","title":{"rendered":"Straffas h\u00e5rt &#8211; efter nya filmningen"},"content":{"rendered":"<p><strong>Tinus Luc Koblar straffas f\u00f6r filmning f\u00f6r andra g\u00e5ngen p\u00e5 kort tid. Nu b\u00f6tf\u00e4lls han p\u00e5 nytt.<\/strong><\/p>\n<p><img loading=\"lazy\" decoding=\"async\" width=\"1024\" height=\"658\" src=\"https:\/\/www.europesays.com\/se\/wp-content\/uploads\/2025\/12\/Tinus-Luc-Koblar-1024x658.webp.webp\" alt=\"\" class=\"wp-image-338569\"  \/>Tinus Luc Koblar tvingas b\u00f6ta 10 000 kronor.<br \/><strong>Foto:<\/strong> Bildbyr\u00e5n.<\/p>\n<p>I september straffades <a href=\"https:\/\/hockeysverige.se\/klubb\/leksands-if\/\" rel=\"nofollow noopener\" target=\"_blank\">Leksands<\/a> norske forward <a href=\"https:\/\/hockeysverige.se\/spelare\/tinus-luc-koblar\/\" rel=\"nofollow noopener\" target=\"_blank\">Tinus Luc Koblar<\/a> f\u00f6r en filmning. D\u00e5 fick han en bot p\u00e5 5000 kronor. Nu ar han \u00e5kt dit igen.<\/p>\n<p>Junioren fick med sig en utvisning i samband med g\u00e5rdagens match mot <a href=\"https:\/\/hockeysverige.se\/klubb\/orebro-hockey\/\" rel=\"nofollow noopener\" target=\"_blank\">\u00d6rebro<\/a>, och <a href=\"https:\/\/hockeysverige.se\/shl\/\" rel=\"nofollow noopener\" target=\"_blank\">SHL:s<\/a> disciplinn\u00e4mnd menar att 18-\u00e5ringen \u201dlurade domaren\u201d.<\/p>\n<p>\u201dN\u00e4r det \u00e5terst\u00e5r 12.15 av andra perioden s\u00e5 f\u00e5r spelaren Nr 4 Tinus Luc Koblar i Leksand en knuff in i sargen. Koblar ligger d\u00e5 kvar p\u00e5 isen och tittar efter domaren. Detta g\u00f6r att domaren tar en utvisning p\u00e5 \u00d6rebros spelare Nr 19 Sean Malone f\u00f6r crosschecking. Koblar f\u00f6rst\u00e4rker situationen s\u00e5 att domaren luras att ta en utvisning\u201d, <a href=\"https:\/\/www.shl.se\/article\/89wat7l-403dd\/view\" rel=\"nofollow noopener\" target=\"_blank\">st\u00e5r det p\u00e5 SHL:s hemsida.<\/a><\/p>\n<p>Eftersom Koblar straffas f\u00f6r andra g\u00e5ngen d\u00e4r h\u00e4r s\u00e4songen dubblas b\u00f6tesbeloppet till 10 000 kronor. <\/p>\n","protected":false},"excerpt":{"rendered":"Tinus Luc Koblar straffas f\u00f6r filmning f\u00f6r andra g\u00e5ngen p\u00e5 kort tid. Nu b\u00f6tf\u00e4lls han p\u00e5 nytt. Tinus&hellip;\n","protected":false},"author":2,"featured_media":112842,"comment_status":"","ping_status":"","sticky":false,"template":"","format":"standard","meta":{"footnotes":""},"categories":[5],"tags":[22,23,26,27,17,21,24,25,28,29,15,16,18,34,133,31,33,32,30,19,20],"class_list":{"0":"post-112841","1":"post","2":"type-post","3":"status-publish","4":"format-standard","5":"has-post-thumbnail","7":"category-rubriker","8":"tag-breaking-news","9":"tag-breakingnews","10":"tag-featured-news","11":"tag-featurednews","12":"tag-headlines","13":"tag-huvudnyheter","14":"tag-latest-news","15":"tag-latestnews","16":"tag-main-news","17":"tag-mainnews","18":"tag-news","19":"tag-nyheter","20":"tag-rubriker","21":"tag-se","22":"tag-second-news","23":"tag-svenska","24":"tag-sverige","25":"tag-sweden","26":"tag-swedish","27":"tag-top-stories","28":"tag-topstories"},"share_on_mastodon":{"url":"https:\/\/pubeurope.com\/@se\/115757891294537764","error":""},"_links":{"self":[{"href":"https:\/\/www.europesays.com\/se\/wp-json\/wp\/v2\/posts\/112841","targetHints":{"allow":["GET"]}}],"collection":[{"href":"https:\/\/www.europesays.com\/se\/wp-json\/wp\/v2\/posts"}],"about":[{"href":"https:\/\/www.europesays.com\/se\/wp-json\/wp\/v2\/types\/post"}],"author":[{"embeddable":true,"href":"https:\/\/www.europesays.com\/se\/wp-json\/wp\/v2\/users\/2"}],"replies":[{"embeddable":true,"href":"https:\/\/www.europesays.com\/se\/wp-json\/wp\/v2\/comments?post=112841"}],"version-history":[{"count":0,"href":"https:\/\/www.europesays.com\/se\/wp-json\/wp\/v2\/posts\/112841\/revisions"}],"wp:featuredmedia":[{"embeddable":true,"href":"https:\/\/www.europesays.com\/se\/wp-json\/wp\/v2\/media\/112842"}],"wp:attachment":[{"href":"https:\/\/www.europesays.com\/se\/wp-json\/wp\/v2\/media?parent=112841"}],"wp:term":[{"taxonomy":"category","embeddable":true,"href":"https:\/\/www.europesays.com\/se\/wp-json\/wp\/v2\/categories?post=112841"},{"taxonomy":"post_tag","embeddable":true,"href":"https:\/\/www.europesays.com\/se\/wp-json\/wp\/v2\/tags?post=112841"}],"curies":[{"name":"wp","href":"https:\/\/api.w.org\/{rel}","templated":true}]}}