{"id":112848,"date":"2025-12-21T14:08:07","date_gmt":"2025-12-21T14:08:07","guid":{"rendered":"https:\/\/www.europesays.com\/se\/112848\/"},"modified":"2025-12-21T14:08:07","modified_gmt":"2025-12-21T14:08:07","slug":"person-i-rullstol-pakord-i-uppsala","status":"publish","type":"post","link":"https:\/\/www.europesays.com\/se\/112848\/","title":{"rendered":"Person i rullstol p\u00e5k\u00f6rd i Uppsala"},"content":{"rendered":"<p>Ambulans och polis ryckte ut till platsen.\u00a0\u2013 Det \u00e4r en person i rullstol som blivit p\u00e5k\u00f6rd. Personen var vaken och talbar, och har f\u00f6rts till sjukhus med ambulans, s\u00e4ger Magnus Jansson Klarin, presstalesperson p\u00e5 polisen.Personen som k\u00f6rde bilen stannade kvar p\u00e5 platsen och har f\u00f6rh\u00f6rts av polis. Orsaken i olyckan kommer att utredas, men i nul\u00e4get har ingen delgivits <\/p>\n","protected":false},"excerpt":{"rendered":"Ambulans och polis ryckte ut till platsen.\u00a0\u2013 Det \u00e4r en person i rullstol som blivit p\u00e5k\u00f6rd. Personen var&hellip;\n","protected":false},"author":2,"featured_media":1027,"comment_status":"","ping_status":"","sticky":false,"template":"","format":"standard","meta":{"footnotes":""},"categories":[12],"tags":[22,23,26,27,17,21,24,25,28,29,15,16,18,34,31,33,32,30,19,20],"class_list":{"0":"post-112848","1":"post","2":"type-post","3":"status-publish","4":"format-standard","5":"has-post-thumbnail","7":"category-sverige","8":"tag-breaking-news","9":"tag-breakingnews","10":"tag-featured-news","11":"tag-featurednews","12":"tag-headlines","13":"tag-huvudnyheter","14":"tag-latest-news","15":"tag-latestnews","16":"tag-main-news","17":"tag-mainnews","18":"tag-news","19":"tag-nyheter","20":"tag-rubriker","21":"tag-se","22":"tag-svenska","23":"tag-sverige","24":"tag-sweden","25":"tag-swedish","26":"tag-top-stories","27":"tag-topstories"},"share_on_mastodon":{"url":"https:\/\/pubeurope.com\/@se\/115757954160733820","error":""},"_links":{"self":[{"href":"https:\/\/www.europesays.com\/se\/wp-json\/wp\/v2\/posts\/112848","targetHints":{"allow":["GET"]}}],"collection":[{"href":"https:\/\/www.europesays.com\/se\/wp-json\/wp\/v2\/posts"}],"about":[{"href":"https:\/\/www.europesays.com\/se\/wp-json\/wp\/v2\/types\/post"}],"author":[{"embeddable":true,"href":"https:\/\/www.europesays.com\/se\/wp-json\/wp\/v2\/users\/2"}],"replies":[{"embeddable":true,"href":"https:\/\/www.europesays.com\/se\/wp-json\/wp\/v2\/comments?post=112848"}],"version-history":[{"count":0,"href":"https:\/\/www.europesays.com\/se\/wp-json\/wp\/v2\/posts\/112848\/revisions"}],"wp:featuredmedia":[{"embeddable":true,"href":"https:\/\/www.europesays.com\/se\/wp-json\/wp\/v2\/media\/1027"}],"wp:attachment":[{"href":"https:\/\/www.europesays.com\/se\/wp-json\/wp\/v2\/media?parent=112848"}],"wp:term":[{"taxonomy":"category","embeddable":true,"href":"https:\/\/www.europesays.com\/se\/wp-json\/wp\/v2\/categories?post=112848"},{"taxonomy":"post_tag","embeddable":true,"href":"https:\/\/www.europesays.com\/se\/wp-json\/wp\/v2\/tags?post=112848"}],"curies":[{"name":"wp","href":"https:\/\/api.w.org\/{rel}","templated":true}]}}