{"id":112849,"date":"2025-12-21T14:09:22","date_gmt":"2025-12-21T14:09:22","guid":{"rendered":"https:\/\/www.europesays.com\/se\/112849\/"},"modified":"2025-12-21T14:09:22","modified_gmt":"2025-12-21T14:09:22","slug":"20-december-07-00-sammanfattning-kvall-och-natt-vastra-gotalands-lan-polisen-se","status":"publish","type":"post","link":"https:\/\/www.europesays.com\/se\/112849\/","title":{"rendered":"20 december 07.00, Sammanfattning kv\u00e4ll och natt, V\u00e4stra G\u00f6talands l\u00e4n &#8211; polisen.se"},"content":{"rendered":"<ol>\n<li><a href=\"https:\/\/news.google.com\/rss\/articles\/CBMiwgFBVV95cUxOay1FLV9QbnJTZ21BZXoxdndJVkdoT3JCWEVUUzFkQkFsWTlIREswTWVQaGhUSV85aG91YVotZGdrVDlObGdlelBnZVh2Zld5YzNiZTZ1bWpkT256WHFrTnhiVl81NGFTZGFCVzdBOXBXYnI4bzVpN2MxVEZCcHVfNXM5UFNUTnpzVjZnRU4wZ2lXTllTeFBPQW1oU1BLU0JjRUJqdE9GVGpaeExxYnZXV1h1bFJsOEpIOW5ld2xLTTM4QQ?oc=5\" target=\"_blank\" rel=\"nofollow noopener\">20 december 07.00, Sammanfattning kv\u00e4ll och natt, V\u00e4stra G\u00f6talands l\u00e4n<\/a>&nbsp;&nbsp;polisen.se<\/li>\n<li><a href=\"https:\/\/news.google.com\/rss\/articles\/CBMiiAFBVV95cUxPZThXVGMwOTBUTEF0ZENzLW1YOHk4MGs3UGx2TFhNM1d4cnJ0TFVOZkVOdVhoRTZqRmNkb0oyYU9RcDRKelctUVk0SHQzaXhBQ09feF9iWXd5cEpndGIyX0M2ZDZyRlljUjVTTWRVTU0zVkt0aUtEaDhKRDJUY19fX2RwTGxSQU9y?oc=5\" target=\"_blank\" rel=\"nofollow noopener\">DEBATT: Julen \u00e4r inte trygg f\u00f6r alla \u2013 civilkurage kan r\u00e4dda liv<\/a>&nbsp;&nbsp;Gefle Dagblad<\/li>\n<li><a href=\"https:\/\/news.google.com\/rss\/articles\/CBMinwFBVV95cUxQRUwtSENOZk96VTRLc1J0aGl3THUxWHExVXM2UVdPaFpvamJKUGREQzFoSmM4NWROMWFPZDFMbG1INVpUZU1xUzMzRjRfSGdVMTI0X0xESWJVcVBrZzI5RHUzS3RhV01nVEJkcktVUUNXbkJtMW5veUlmSU5JRmxjcTk3LU1DSDhDTGVWbENibWxlbUpyNmM3R2xTd2RIQjQ?oc=5\" target=\"_blank\" rel=\"nofollow noopener\">V\u00e5ld i n\u00e4ra relation \u00f6kar under jul \u2013 men f\u00e5 s\u00f6ker hj\u00e4lp direkt<\/a>&nbsp;&nbsp;Sveriges Radio<\/li>\n<li><a href=\"https:\/\/news.google.com\/rss\/articles\/CBMijwFBVV95cUxPYzQ1ck1kNG9RS3FPdHAtTlAyeVlsdTFvQi1STUhfR003OU1FNy0yZTJ3ZEx0VktnX2VUeUI1QnZVVThzUW5Rb2l2anp1LTJheU1tb2dIMFlZMjZ2VG5JLXgtN1RjUWtSMEV6MklreFFNQm9hTklkMXAxMlZGQXFidkV2OWtNNGM0ZEtzRW9uUQ?oc=5\" target=\"_blank\" rel=\"nofollow noopener\">Han jobbar med v\u00e5ld i n\u00e4ra relationer: \u201dFrustrerande\u201d<\/a>&nbsp;&nbsp;SVT Nyheter<\/li>\n<li><a href=\"https:\/\/news.google.com\/rss\/articles\/CBMid0FVX3lxTFBITWVUY3lSd2k5R3BwQmZmaUZ2Q2w1bTdRdElMa1pqZFdUQ096Q0NfZGZpeFRTMFpvU09tdmplck1ZWkxiSEc5WjZfSUtwNmZqZlZtc0t5MUZ4VTNDS0V4VTNQVnk0U0NHc2hPZTFoTmNCZEhWanBn?oc=5\" target=\"_blank\" rel=\"nofollow noopener\">DEBATT: Bakom julens ljus lever v\u00e5ldet vidare<\/a>&nbsp;&nbsp;VLT<\/li>\n<\/ol>\n","protected":false},"excerpt":{"rendered":"20 december 07.00, Sammanfattning kv\u00e4ll och natt, V\u00e4stra G\u00f6talands l\u00e4n&nbsp;&nbsp;polisen.se DEBATT: Julen \u00e4r inte trygg f\u00f6r alla \u2013&hellip;\n","protected":false},"author":2,"featured_media":54,"comment_status":"","ping_status":"","sticky":false,"template":"","format":"standard","meta":{"footnotes":""},"categories":[5],"tags":[22,23,26,27,17,21,24,25,28,29,15,16,18,34,31,33,32,30,19,20],"class_list":{"0":"post-112849","1":"post","2":"type-post","3":"status-publish","4":"format-standard","5":"has-post-thumbnail","7":"category-rubriker","8":"tag-breaking-news","9":"tag-breakingnews","10":"tag-featured-news","11":"tag-featurednews","12":"tag-headlines","13":"tag-huvudnyheter","14":"tag-latest-news","15":"tag-latestnews","16":"tag-main-news","17":"tag-mainnews","18":"tag-news","19":"tag-nyheter","20":"tag-rubriker","21":"tag-se","22":"tag-svenska","23":"tag-sverige","24":"tag-sweden","25":"tag-swedish","26":"tag-top-stories","27":"tag-topstories"},"share_on_mastodon":{"url":"https:\/\/pubeurope.com\/@se\/115757958010410373","error":""},"_links":{"self":[{"href":"https:\/\/www.europesays.com\/se\/wp-json\/wp\/v2\/posts\/112849","targetHints":{"allow":["GET"]}}],"collection":[{"href":"https:\/\/www.europesays.com\/se\/wp-json\/wp\/v2\/posts"}],"about":[{"href":"https:\/\/www.europesays.com\/se\/wp-json\/wp\/v2\/types\/post"}],"author":[{"embeddable":true,"href":"https:\/\/www.europesays.com\/se\/wp-json\/wp\/v2\/users\/2"}],"replies":[{"embeddable":true,"href":"https:\/\/www.europesays.com\/se\/wp-json\/wp\/v2\/comments?post=112849"}],"version-history":[{"count":0,"href":"https:\/\/www.europesays.com\/se\/wp-json\/wp\/v2\/posts\/112849\/revisions"}],"wp:featuredmedia":[{"embeddable":true,"href":"https:\/\/www.europesays.com\/se\/wp-json\/wp\/v2\/media\/54"}],"wp:attachment":[{"href":"https:\/\/www.europesays.com\/se\/wp-json\/wp\/v2\/media?parent=112849"}],"wp:term":[{"taxonomy":"category","embeddable":true,"href":"https:\/\/www.europesays.com\/se\/wp-json\/wp\/v2\/categories?post=112849"},{"taxonomy":"post_tag","embeddable":true,"href":"https:\/\/www.europesays.com\/se\/wp-json\/wp\/v2\/tags?post=112849"}],"curies":[{"name":"wp","href":"https:\/\/api.w.org\/{rel}","templated":true}]}}