{"id":112852,"date":"2025-12-21T14:16:24","date_gmt":"2025-12-21T14:16:24","guid":{"rendered":"https:\/\/www.europesays.com\/se\/112852\/"},"modified":"2025-12-21T14:16:24","modified_gmt":"2025-12-21T14:16:24","slug":"sol-och-ingen-sno-pa-julafton-2025","status":"publish","type":"post","link":"https:\/\/www.europesays.com\/se\/112852\/","title":{"rendered":"Sol och ingen sn\u00f6 p\u00e5 julafton 2025"},"content":{"rendered":"<p>Prognosen har de senaste dagarna varit ganska stabil inf\u00f6r vilket v\u00e4der det kommer att bli runt om i landet p\u00e5 julafton:<\/p>\n<p>Lite kallare v\u00e4der \u2013\u00a0och sol, i stora delar av landet.<\/p>\n<p>Det betyder dessv\u00e4rre att de omr\u00e5den som inte har sn\u00f6 just nu troligen inte heller kommer att f\u00e5 det, och att de som har sn\u00f6 inte kommer att f\u00e5 s\u00e4rskilt mycket mer.<\/p>\n<p>\u2013\u00a0Den sn\u00f6 som finns nu \u00f6ver landet \u00e4r den sn\u00f6 man f\u00e5r r\u00e4kna med. Det \u00e4r lite mindre utbrett sn\u00f6t\u00e4cke \u00e4n vanligt, s\u00e4ger Linn\u00e9a Rehn Wittskog, meteorolog p\u00e5 SMHI.<\/p>\n<p><strong>De enda omr\u00e5den<\/strong> som ser ut att kanske f\u00e5 n\u00e5gra sn\u00f6byar \u00e4r fj\u00e4lltrakterna. Fr\u00e5n Ume\u00e5 och ner mot Norrlandskusten, de sydligaste delarna av Norrland samt Svealand och G\u00f6taland \u2013det vill s\u00e4ga den allra st\u00f6rsta delen av landet \u2013 blir helt utan.<\/p>\n<p>\u2013\u00a0En liten skillnad j\u00e4mf\u00f6rt med tidigare \u00e4r att det redan p\u00e5 julafton b\u00f6rjar dra in lite mildare luft i landets norra delar. D\u00e4r kan det n\u00e4stan p\u00e5 n\u00e5gra platser bli lite h\u00f6gre temperaturer \u00e4n i de s\u00f6dra delarna av Sverige, s\u00e4ger Linn\u00e9a Rehn Wittskog.<\/p>\n<p><strong>F\u00f6r den som befinner<\/strong> sig i \u00d6sterg\u00f6tland och Sm\u00e5land finns det \u00e4nd\u00e5 en liten chans till \u00e5tminstone lite sn\u00f6 dagen f\u00f6re julafton, som r\u00f6r sig fr\u00e5n havet.<\/p>\n<p>Jultrafiken ser ut att bli relativt lugn n\u00e4r det g\u00e4ller v\u00e4derrelaterade problem.<\/p>\n<p>\u2013\u00a0Det finns en risk f\u00f6r ishalka och frosthalka som kan bildas framf\u00f6r allt nattetid. Tipset \u00e4r att h\u00e5lla koll p\u00e5 eventuella v\u00e4dervarningar, anpassa hastighet efter underlag, t\u00e4nka p\u00e5 att vara ute i god tid och h\u00e5lla bra avst\u00e5nd.<\/p>\n","protected":false},"excerpt":{"rendered":"Prognosen har de senaste dagarna varit ganska stabil inf\u00f6r vilket v\u00e4der det kommer att bli runt om i&hellip;\n","protected":false},"author":2,"featured_media":112853,"comment_status":"","ping_status":"","sticky":false,"template":"","format":"standard","meta":{"footnotes":""},"categories":[12],"tags":[22,23,26,27,17,21,24,25,28,29,15,16,18,34,31,33,32,30,19,20],"class_list":{"0":"post-112852","1":"post","2":"type-post","3":"status-publish","4":"format-standard","5":"has-post-thumbnail","7":"category-sverige","8":"tag-breaking-news","9":"tag-breakingnews","10":"tag-featured-news","11":"tag-featurednews","12":"tag-headlines","13":"tag-huvudnyheter","14":"tag-latest-news","15":"tag-latestnews","16":"tag-main-news","17":"tag-mainnews","18":"tag-news","19":"tag-nyheter","20":"tag-rubriker","21":"tag-se","22":"tag-svenska","23":"tag-sverige","24":"tag-sweden","25":"tag-swedish","26":"tag-top-stories","27":"tag-topstories"},"share_on_mastodon":{"url":"https:\/\/pubeurope.com\/@se\/115757985587067332","error":""},"_links":{"self":[{"href":"https:\/\/www.europesays.com\/se\/wp-json\/wp\/v2\/posts\/112852","targetHints":{"allow":["GET"]}}],"collection":[{"href":"https:\/\/www.europesays.com\/se\/wp-json\/wp\/v2\/posts"}],"about":[{"href":"https:\/\/www.europesays.com\/se\/wp-json\/wp\/v2\/types\/post"}],"author":[{"embeddable":true,"href":"https:\/\/www.europesays.com\/se\/wp-json\/wp\/v2\/users\/2"}],"replies":[{"embeddable":true,"href":"https:\/\/www.europesays.com\/se\/wp-json\/wp\/v2\/comments?post=112852"}],"version-history":[{"count":0,"href":"https:\/\/www.europesays.com\/se\/wp-json\/wp\/v2\/posts\/112852\/revisions"}],"wp:featuredmedia":[{"embeddable":true,"href":"https:\/\/www.europesays.com\/se\/wp-json\/wp\/v2\/media\/112853"}],"wp:attachment":[{"href":"https:\/\/www.europesays.com\/se\/wp-json\/wp\/v2\/media?parent=112852"}],"wp:term":[{"taxonomy":"category","embeddable":true,"href":"https:\/\/www.europesays.com\/se\/wp-json\/wp\/v2\/categories?post=112852"},{"taxonomy":"post_tag","embeddable":true,"href":"https:\/\/www.europesays.com\/se\/wp-json\/wp\/v2\/tags?post=112852"}],"curies":[{"name":"wp","href":"https:\/\/api.w.org\/{rel}","templated":true}]}}