{"id":112858,"date":"2025-12-21T14:23:08","date_gmt":"2025-12-21T14:23:08","guid":{"rendered":"https:\/\/www.europesays.com\/se\/112858\/"},"modified":"2025-12-21T14:23:08","modified_gmt":"2025-12-21T14:23:08","slug":"motstridiga-ryska-signaler-om-fredssamtalen","status":"publish","type":"post","link":"https:\/\/www.europesays.com\/se\/112858\/","title":{"rendered":"Motstridiga ryska signaler om fredssamtalen"},"content":{"rendered":"<p>Kirill Dmitrijev, som anl\u00e4nde till Miami p\u00e5 l\u00f6rdagen, har haft samtal med USA:s s\u00e4ndebud Steve Witkoff och president Donald Trumps sv\u00e4rson Jared Kushner.<\/p>\n<p>\u2013 Diskussionerna forts\u00e4tter konstruktivt. De b\u00f6rjade och forts\u00e4tter i dag, och kommer ocks\u00e5 forts\u00e4tta i morgon, sade han till journalister p\u00e5 l\u00f6rdagen enligt ryska statliga medier.<\/p>\n<p>Men den ryske presidenten Vladimir Putins r\u00e5dgivare Juri Usjakov i Moskva sade p\u00e5 s\u00f6ndagen att chanserna till ett fredsavtal inte har f\u00f6rb\u00e4ttrats av de \u00e4ndringar som gjorts i den ursprungliga fredsplan som f\u00f6rst lades fram av USA<\/p>\n<p>\u2013 Jag \u00e4r s\u00e4ker p\u00e5 att de f\u00f6rslag som europ\u00e9erna och ukrainarna har gjort, eller f\u00f6rs\u00f6ker g\u00f6ra, definitivt inte f\u00f6rb\u00e4ttrar dokumentet och inte \u00f6kar m\u00f6jligheten f\u00f6r att uppn\u00e5 en varaktig fred, s\u00e4ger han enligt nyhetsbyr\u00e5n Reuters referat.<\/p>\n<p><strong>Usjakov tillbakavisar ocks\u00e5<\/strong> uppgifterna fr\u00e5n Ukrainas president Volodymyr Zelenskyj om att Washington f\u00f6reslagit direkta samtal mellan Ryssland och Ukraina d\u00e4r ocks\u00e5 USA skulle medverka.<\/p>\n<p>\u2013 F\u00f6r n\u00e4rvarande har ingen p\u00e5 allvar diskuterat det h\u00e4r initiativet, vad jag vet, och det finns inte med bland det som f\u00f6rbereds, s\u00e4ger han till ryska medier.<\/p>\n<p>Samtidigt med f\u00f6rhandlingarna i Miami har den ryske presidenten \u00f6ppnat f\u00f6r direkta samtal med sin franske motpart Emmanuel Macron, vilket v\u00e4lkomnas av \u00c9lys\u00e9epalatset, presidentens h\u00f6gkvarter i Paris.<\/p>\n","protected":false},"excerpt":{"rendered":"Kirill Dmitrijev, som anl\u00e4nde till Miami p\u00e5 l\u00f6rdagen, har haft samtal med USA:s s\u00e4ndebud Steve Witkoff och president&hellip;\n","protected":false},"author":2,"featured_media":112859,"comment_status":"","ping_status":"","sticky":false,"template":"","format":"standard","meta":{"footnotes":""},"categories":[14],"tags":[22,23,26,27,17,21,24,25,28,29,15,16,18,34,31,33,32,30,19,20,51,52,53,54],"class_list":{"0":"post-112858","1":"post","2":"type-post","3":"status-publish","4":"format-standard","5":"has-post-thumbnail","7":"category-varlden","8":"tag-breaking-news","9":"tag-breakingnews","10":"tag-featured-news","11":"tag-featurednews","12":"tag-headlines","13":"tag-huvudnyheter","14":"tag-latest-news","15":"tag-latestnews","16":"tag-main-news","17":"tag-mainnews","18":"tag-news","19":"tag-nyheter","20":"tag-rubriker","21":"tag-se","22":"tag-svenska","23":"tag-sverige","24":"tag-sweden","25":"tag-swedish","26":"tag-top-stories","27":"tag-topstories","28":"tag-varlden","29":"tag-world","30":"tag-world-news","31":"tag-worldnews"},"share_on_mastodon":{"url":"https:\/\/pubeurope.com\/@se\/115758012978080256","error":""},"_links":{"self":[{"href":"https:\/\/www.europesays.com\/se\/wp-json\/wp\/v2\/posts\/112858","targetHints":{"allow":["GET"]}}],"collection":[{"href":"https:\/\/www.europesays.com\/se\/wp-json\/wp\/v2\/posts"}],"about":[{"href":"https:\/\/www.europesays.com\/se\/wp-json\/wp\/v2\/types\/post"}],"author":[{"embeddable":true,"href":"https:\/\/www.europesays.com\/se\/wp-json\/wp\/v2\/users\/2"}],"replies":[{"embeddable":true,"href":"https:\/\/www.europesays.com\/se\/wp-json\/wp\/v2\/comments?post=112858"}],"version-history":[{"count":0,"href":"https:\/\/www.europesays.com\/se\/wp-json\/wp\/v2\/posts\/112858\/revisions"}],"wp:featuredmedia":[{"embeddable":true,"href":"https:\/\/www.europesays.com\/se\/wp-json\/wp\/v2\/media\/112859"}],"wp:attachment":[{"href":"https:\/\/www.europesays.com\/se\/wp-json\/wp\/v2\/media?parent=112858"}],"wp:term":[{"taxonomy":"category","embeddable":true,"href":"https:\/\/www.europesays.com\/se\/wp-json\/wp\/v2\/categories?post=112858"},{"taxonomy":"post_tag","embeddable":true,"href":"https:\/\/www.europesays.com\/se\/wp-json\/wp\/v2\/tags?post=112858"}],"curies":[{"name":"wp","href":"https:\/\/api.w.org\/{rel}","templated":true}]}}