{"id":112860,"date":"2025-12-21T14:25:50","date_gmt":"2025-12-21T14:25:50","guid":{"rendered":"https:\/\/www.europesays.com\/se\/112860\/"},"modified":"2025-12-21T14:25:50","modified_gmt":"2025-12-21T14:25:50","slug":"dricksvattentank-stalls-ut-for-visbybor","status":"publish","type":"post","link":"https:\/\/www.europesays.com\/se\/112860\/","title":{"rendered":"Dricksvattentank st\u00e4lls ut f\u00f6r Visbybor"},"content":{"rendered":"<p><strong>Kokrekommendationerna kvarst\u00e5r. Nu har Region Gotland ocks\u00e5 k\u00f6rt fram en vattentank till drabbade Visbybor.<\/strong><\/p>\n<p>Efter att <a href=\"https:\/\/www.horisontmagasin.se\/2025\/12\/17\/vi-kommer-att-fa-koka-vatten-over-jul\/\" rel=\"nofollow noopener\" target=\"_blank\"><strong>VA-enheten tillsammans med smittskyddsl\u00e4kare i onsdags larmade<\/strong><\/a> om att dricksvattnet riskerar att \u00e4ven inneh\u00e5lla parasiter, har m\u00e5nga efterfr\u00e5gat mer st\u00f6d fr\u00e5n Region Gotland i det bekymmersamma vattenl\u00e4get i Visby med omnejd. Stundtals har kritiken varit h\u00e5rd mot dels att regionen har gjort f\u00f6r lite, dels att det otj\u00e4nliga vattnet kan riskera m\u00e4nniskors h\u00e4lsa.<\/p>\n<p>De striktare kokrekommendationerna kvarst\u00e5r, men fr\u00e5n och fredag kan nu drabbade inv\u00e5nare f\u00e5 hj\u00e4lp med tj\u00e4nligt vatten. Detta sedan regionen under f\u00f6rmiddagen k\u00f6rde ut en bil med vattentank p\u00e5 parkeringen vid Max, l\u00e4ngs med Norra Hansegatan mitt emot Polishuset.<\/p>\n<p>Regionen skriver att vattnet kommer fr\u00e5n en annan del av det kommunala ledningssystemet och d\u00e4rf\u00f6r ska vara s\u00e4kert att anv\u00e4nda utan att det beh\u00f6ver kokas. Tanken \u00e4r tillg\u00e4nglig f\u00f6r allm\u00e4nheten att fylla p\u00e5 via en tapp, och \u00e4r av h\u00e4lso- och s\u00e4kerhetssk\u00e4l l\u00e5st f\u00f6r att minimera risken f\u00f6r f\u00f6roreningar.<\/p>\n<p>        Annons<br \/>\n        <a href=\"https:\/\/foreversustainable.se\" target=\"_blank\" data-tracking-id=\"left5\" rel=\"nofollow noopener\"><img decoding=\"async\" src=\"https:\/\/usercontent.one\/wp\/www.horisontmagasin.se\/wp-content\/uploads\/2025\/07\/800-x-200-Forever-sustainable-2025.jpg?media=1761254004\" alt=\"Annons\" class=\"img-fluid mx-auto d-block lazyload\" bad-src=\"data:image\/svg+xml;base64,PHN2ZyB3aWR0aD0iMSIgaGVpZ2h0PSIxIiB4bWxucz0iaHR0cDovL3d3dy53My5vcmcvMjAwMC9zdmciPjwvc3ZnPg==\"\/><\/a>    <\/p>\n<p>Den kommer ocks\u00e5 att fyllas p\u00e5 \u00e5terkommande av Region Gotland vid behov.<\/p>\n<p>VA-chefen Patrik Johansson s\u00e4ger p\u00e5 regionens hemsida att &#8221;det h\u00e4r \u00e4r ett s\u00e4tt att underl\u00e4tta i vardagen och ge de som \u00e4r drabbade m\u00f6jlighet att enkelt h\u00e4mta dricksvatten.&#8221;<\/p>\n<p>Parallellt arbetar regionen vidare med att komma tillr\u00e4tta med b\u00e5de de nyligen uppt\u00e4ckta parasiterna och de f\u00f6rh\u00f6jda niv\u00e5erna av <a href=\"https:\/\/www.horisontmagasin.se\/2025\/12\/03\/visbybor-uppmanas-koka-sitt-kranvatten\/\" rel=\"nofollow noopener\" target=\"_blank\"><strong>organismer, som uppt\u00e4cktes f\u00f6r tv\u00e5 veckor sedan<\/strong><\/a> och som har lett till att boende har rekommenderats att koka sitt dricksvatten. L\u00e4nsveterin\u00e4r har via l\u00e4nsstyrelsen ocks\u00e5 uppmanat djur\u00e4gare att ocks\u00e5 som en f\u00f6rsiktighets\u00e5tg\u00e4rd <a href=\"https:\/\/www.horisontmagasin.se\/2025\/12\/19\/vatten-bor-kokas-aven-till-djuren\/\" rel=\"nofollow noopener\" target=\"_blank\"><strong>koka vattnet till sina djur<\/strong><\/a>.<\/p>\n<p>Organismer och parasiter har konstaterats i det kommunala vattenledningsn\u00e4tet i Visby, V\u00e4skinde, Sj\u00e4ls\u00f6, Brissund, Vibble och V\u00e4sterhejde. \u00d6vriga delar av Gotland beh\u00f6ver inte koka sitt vatten.<\/p>\n<p>\u00a0<\/p>\n<p><strong>L\u00e4s mer:\u00a0<\/strong><\/p>\n<p><a href=\"https:\/\/www.horisontmagasin.se\/2025\/12\/19\/vatten-bor-kokas-aven-till-djuren\/\" rel=\"nofollow noopener\" target=\"_blank\"><strong>Vattnet b\u00f6r kokas \u00e4ven till djuren<\/strong> <\/a>(Horisont 19 december 2025)<\/p>\n<p><a href=\"https:\/\/www.horisontmagasin.se\/2025\/12\/17\/vi-kommer-att-fa-koka-vatten-over-jul\/\" rel=\"nofollow noopener\" target=\"_blank\"><strong>&#8221;Vi kommer att f\u00e5 koka vatten \u00f6ver jul&#8221;<\/strong><\/a> (Horisont 17 december 2025)<\/p>\n<p><a href=\"https:\/\/www.horisontmagasin.se\/2025\/12\/15\/filter-testas-i-ledningarna-vattnet-ska-annu-kokas\/\" rel=\"nofollow noopener\" target=\"_blank\"><strong>Filter testas i ledningar \u2013 fortsatt kokning g\u00e4ller<\/strong> <\/a>(Horisont 15 december 2025)<\/p>\n<p><a href=\"https:\/\/www.horisontmagasin.se\/2025\/12\/03\/visbybor-uppmanas-koka-sitt-kranvatten\/\" rel=\"nofollow noopener\" target=\"_blank\"><strong>Vattnet m\u00e5ste kokas: &#8221;Avvikelse kr\u00e4ver \u00e5tg\u00e4rder&#8221;<\/strong><\/a> (Horisont 3 december 2025)<\/p>\n<p>\u2014 \u2014 \u2014<\/p>\n<p><a style=\"color: #008000\" href=\"https:\/\/sub.unseald.com\/checkout\/horisontmagasin_se\" rel=\"nofollow noopener\" target=\"_blank\"><b>PRENUMERERA<\/b><\/a>\u00a0f\u00f6r att f\u00e5 tillg\u00e5ng till Horisont magasin och allt premiummaterial p\u00e5 sajten.<\/p>\n<p>\u2014 \u2014 \u2014<\/p>\n<p><a style=\"color: #008000\" href=\"https:\/\/gansub.com\/s\/yOCsZ0O6J8LckzvxW\/\" rel=\"nofollow noopener\" target=\"_blank\"><b>HORISONTS NYHETSBREV<\/b><\/a>\u00a0skickas ut helt gratis varje vardagsmorgon med en sammanfattning av de senaste Gotlandsnyheterna. Registrera dig via l\u00e4nken.<\/p>\n","protected":false},"excerpt":{"rendered":"Kokrekommendationerna kvarst\u00e5r. Nu har Region Gotland ocks\u00e5 k\u00f6rt fram en vattentank till drabbade Visbybor. Efter att VA-enheten tillsammans&hellip;\n","protected":false},"author":2,"featured_media":63034,"comment_status":"","ping_status":"","sticky":false,"template":"","format":"standard","meta":{"footnotes":""},"categories":[12],"tags":[22,23,26,27,17,21,24,25,28,29,15,16,12351,12352,12353,18,34,31,33,32,30,19,20,4412],"class_list":{"0":"post-112860","1":"post","2":"type-post","3":"status-publish","4":"format-standard","5":"has-post-thumbnail","7":"category-sverige","8":"tag-breaking-news","9":"tag-breakingnews","10":"tag-featured-news","11":"tag-featurednews","12":"tag-headlines","13":"tag-huvudnyheter","14":"tag-latest-news","15":"tag-latestnews","16":"tag-main-news","17":"tag-mainnews","18":"tag-news","19":"tag-nyheter","20":"tag-organismer","21":"tag-parasister","22":"tag-region-gotland","23":"tag-rubriker","24":"tag-se","25":"tag-svenska","26":"tag-sverige","27":"tag-sweden","28":"tag-swedish","29":"tag-top-stories","30":"tag-topstories","31":"tag-vatten"},"share_on_mastodon":{"url":"https:\/\/pubeurope.com\/@se\/115758025155183029","error":""},"_links":{"self":[{"href":"https:\/\/www.europesays.com\/se\/wp-json\/wp\/v2\/posts\/112860","targetHints":{"allow":["GET"]}}],"collection":[{"href":"https:\/\/www.europesays.com\/se\/wp-json\/wp\/v2\/posts"}],"about":[{"href":"https:\/\/www.europesays.com\/se\/wp-json\/wp\/v2\/types\/post"}],"author":[{"embeddable":true,"href":"https:\/\/www.europesays.com\/se\/wp-json\/wp\/v2\/users\/2"}],"replies":[{"embeddable":true,"href":"https:\/\/www.europesays.com\/se\/wp-json\/wp\/v2\/comments?post=112860"}],"version-history":[{"count":0,"href":"https:\/\/www.europesays.com\/se\/wp-json\/wp\/v2\/posts\/112860\/revisions"}],"wp:featuredmedia":[{"embeddable":true,"href":"https:\/\/www.europesays.com\/se\/wp-json\/wp\/v2\/media\/63034"}],"wp:attachment":[{"href":"https:\/\/www.europesays.com\/se\/wp-json\/wp\/v2\/media?parent=112860"}],"wp:term":[{"taxonomy":"category","embeddable":true,"href":"https:\/\/www.europesays.com\/se\/wp-json\/wp\/v2\/categories?post=112860"},{"taxonomy":"post_tag","embeddable":true,"href":"https:\/\/www.europesays.com\/se\/wp-json\/wp\/v2\/tags?post=112860"}],"curies":[{"name":"wp","href":"https:\/\/api.w.org\/{rel}","templated":true}]}}