{"id":112869,"date":"2025-12-21T14:32:07","date_gmt":"2025-12-21T14:32:07","guid":{"rendered":"https:\/\/www.europesays.com\/se\/112869\/"},"modified":"2025-12-21T14:32:07","modified_gmt":"2025-12-21T14:32:07","slug":"tullverket-har-bordat-ryskt-fartyg-vasterbottens-kuriren","status":"publish","type":"post","link":"https:\/\/www.europesays.com\/se\/112869\/","title":{"rendered":"Tullverket har bordat ryskt fartyg &#8211; V\u00e4sterbottens-Kuriren"},"content":{"rendered":"<ol>\n<li><a href=\"https:\/\/news.google.com\/rss\/articles\/CBMieEFVX3lxTE1CRm1zOEJoLWp5blpMYzhyUFBzazZGODBTdFVHTnFBRmdBN21KQzk0VEJaTjllekJ0MGMySUgxOF9ZUUZPSDBoMG9DaVlFZDV6emwzSlVwM0dnME1ibWtqTWdvNXVDdjhGNk5qMHIwYjhYVGZOeWxJdg?oc=5\" target=\"_blank\" rel=\"nofollow noopener\">Tullverket har bordat ryskt fartyg<\/a>&nbsp;&nbsp;V\u00e4sterbottens-Kuriren<\/li>\n<li><a href=\"https:\/\/news.google.com\/rss\/articles\/CBMingFBVV95cUxOYmZYQ3lhb3JKOHY5aVRRNXQyeFFySlBudEJXdXJEZXZ5bVM0VHphN3h5NzBJdXNEM182U3pPc3RScm9TTFpPdjQ1X21KRkptNzNPcTU4ZlE4ZS1XUVQ4OUpzUHZseFc3TklMS0tOdmN5bkFLSjRYOXd1SGFVRjhDbl9mQnoyalEyN1VHUXVEWjcxcElIT3BNTTVNUkhUdw?oc=5\" target=\"_blank\" rel=\"nofollow noopener\">Professorn om bordningen av ryska fartyget: Viktigt att markera<\/a>&nbsp;&nbsp;SVT Nyheter<\/li>\n<li><a href=\"https:\/\/news.google.com\/rss\/articles\/CBMimgFBVV95cUxNV1R5VVVzLWRJbVJZR0tSRmd5bWVYR0U0REhwYUdKdVpjby1iUGg3UUx6eHo5bGo3T2l2TGhlTGZYaWQyakFiSWhCS1ZZYU04dDFRWjByS1M2bjdJNWNXbW12aEN4TWVpUFI2bUhhWXVGdW9iZUxMczdXeGJIcWtuaU52dHFQWXExLWVVUmc1ZkIwZzUtcDZkRjFB?oc=5\" target=\"_blank\" rel=\"nofollow noopener\">Tullverket har bordat ryskt fartyg p\u00e5 svenskt vatten<\/a>&nbsp;&nbsp;Aftonbladet<\/li>\n<li><a href=\"https:\/\/news.google.com\/rss\/articles\/CBMimwFBVV95cUxOcVV2ZGp2ZUZ6Q3Jzc0U3Tlo0bGR1VlFrOEdfbmNhbVpNcXE1ZkZXLXc1Qy1jbE50Qnp4Z29iVWJiemdXejZHSERmcF9HaklDdnpHLUZFRlRQWUxhMklLelVNVHV1VUNRSUNqelluNGVyVnFrMUhLZFEwc0FVc181VTlJR3RZYXZjSmVCNjMteG1wNnlGMUxZclJ5UQ?oc=5\" target=\"_blank\" rel=\"nofollow noopener\">Detta vet vi om ankrade fartygets kopplingar till rysk vapenindustri<\/a>&nbsp;&nbsp;HD<\/li>\n<li><a href=\"https:\/\/news.google.com\/rss\/articles\/CBMiakFVX3lxTFBnS3JLdUtJOTBYWDBlLUVDTmdOblhWRXJCOEU0ZWFMV2pjeVZnZkVfbWZhbF9BWHQ1bUhJUzJXM2V3YUN4Mm1vU01nVnc5dUwzZ29sdnFDNXU2NFF0R3RiREM5V3o2SE9ndHc?oc=5\" target=\"_blank\" rel=\"nofollow noopener\">Ryskt fartyg fast utanf\u00f6r H\u00f6gan\u00e4s<\/a>&nbsp;&nbsp;SvD<\/li>\n<\/ol>\n","protected":false},"excerpt":{"rendered":"Tullverket har bordat ryskt fartyg&nbsp;&nbsp;V\u00e4sterbottens-Kuriren Professorn om bordningen av ryska fartyget: Viktigt att markera&nbsp;&nbsp;SVT Nyheter Tullverket har bordat&hellip;\n","protected":false},"author":2,"featured_media":112870,"comment_status":"","ping_status":"","sticky":false,"template":"","format":"standard","meta":{"footnotes":""},"categories":[14],"tags":[22,23,26,27,17,21,24,25,28,29,15,16,18,34,31,33,32,30,19,20,51,52,53,54],"class_list":{"0":"post-112869","1":"post","2":"type-post","3":"status-publish","4":"format-standard","5":"has-post-thumbnail","7":"category-varlden","8":"tag-breaking-news","9":"tag-breakingnews","10":"tag-featured-news","11":"tag-featurednews","12":"tag-headlines","13":"tag-huvudnyheter","14":"tag-latest-news","15":"tag-latestnews","16":"tag-main-news","17":"tag-mainnews","18":"tag-news","19":"tag-nyheter","20":"tag-rubriker","21":"tag-se","22":"tag-svenska","23":"tag-sverige","24":"tag-sweden","25":"tag-swedish","26":"tag-top-stories","27":"tag-topstories","28":"tag-varlden","29":"tag-world","30":"tag-world-news","31":"tag-worldnews"},"share_on_mastodon":{"url":"https:\/\/pubeurope.com\/@se\/115758048405379568","error":""},"_links":{"self":[{"href":"https:\/\/www.europesays.com\/se\/wp-json\/wp\/v2\/posts\/112869","targetHints":{"allow":["GET"]}}],"collection":[{"href":"https:\/\/www.europesays.com\/se\/wp-json\/wp\/v2\/posts"}],"about":[{"href":"https:\/\/www.europesays.com\/se\/wp-json\/wp\/v2\/types\/post"}],"author":[{"embeddable":true,"href":"https:\/\/www.europesays.com\/se\/wp-json\/wp\/v2\/users\/2"}],"replies":[{"embeddable":true,"href":"https:\/\/www.europesays.com\/se\/wp-json\/wp\/v2\/comments?post=112869"}],"version-history":[{"count":0,"href":"https:\/\/www.europesays.com\/se\/wp-json\/wp\/v2\/posts\/112869\/revisions"}],"wp:featuredmedia":[{"embeddable":true,"href":"https:\/\/www.europesays.com\/se\/wp-json\/wp\/v2\/media\/112870"}],"wp:attachment":[{"href":"https:\/\/www.europesays.com\/se\/wp-json\/wp\/v2\/media?parent=112869"}],"wp:term":[{"taxonomy":"category","embeddable":true,"href":"https:\/\/www.europesays.com\/se\/wp-json\/wp\/v2\/categories?post=112869"},{"taxonomy":"post_tag","embeddable":true,"href":"https:\/\/www.europesays.com\/se\/wp-json\/wp\/v2\/tags?post=112869"}],"curies":[{"name":"wp","href":"https:\/\/api.w.org\/{rel}","templated":true}]}}