{"id":112878,"date":"2025-12-21T14:45:41","date_gmt":"2025-12-21T14:45:41","guid":{"rendered":"https:\/\/www.europesays.com\/se\/112878\/"},"modified":"2025-12-21T14:45:41","modified_gmt":"2025-12-21T14:45:41","slug":"kvallens-tv-tips-vuxnare-harry-potter-film-bjuder-pa-filmseriens-snyggaste-monster","status":"publish","type":"post","link":"https:\/\/www.europesays.com\/se\/112878\/","title":{"rendered":"Kv\u00e4llens tv-tips: Vuxnare &#8221;Harry Potter&#8221;-film bjuder p\u00e5 filmseriens snyggaste monster"},"content":{"rendered":"<p>Det tog inte l\u00e5ng tid f\u00f6r Warner att f\u00e5 ut den andra filmatiseringen av \u201dHarry Potter\u201d p\u00e5 bio. B\u00f6ckerna var hetare \u00e4n n\u00e5gonsin, men problemet var ocks\u00e5 att barnsk\u00e5despelarna v\u00e4xte s\u00e5 det knakade. Lyssnar man noga h\u00f6r man hur b\u00e5de <strong>Daniel Radcliffe<\/strong> och <strong>Rupert Grint <\/strong>\u00e4r i m\u00e5lbrottet. <\/p>\n<p>\u201d<a href=\"https:\/\/www.moviezine.se\/movies\/harry-potter-och-hemligheternas-kammare\" rel=\"nofollow noopener\" target=\"_blank\">Hemligheternas kammare<\/a>\u201d \u00e4r <strong>Chris Columbus<\/strong> andra och sista \u201dHarry Potter\u201d-film som regiss\u00f6r. Tonen \u00e4r m\u00f6rkare och mer hotfull, precis som i boken. Filmen markerar ocks\u00e5 slutet p\u00e5 en era. <strong>Richard Harris<\/strong> som gestaltade den stillsamma Albus Dumbledore gick bort i Hodgkins lymfom n\u00e5gra veckor innan filmens premi\u00e4r. <\/p>\n<p>L\u00e4s ocks\u00e5: <a href=\"https:\/\/www.moviezine.se\/nyheter\/5-netflix-filmer-vi-langtar-efter-i-december-missa-inte-nummer-4\" title=\"5 Netflix-premi\u00e4rer vi l\u00e4ngtar efter i december\" class=\"underline-custom !font-montserrat !font-bold !underline-offset-4 !decoration-4 !decoration-moviezine-green !text-md\" rel=\"nofollow noopener\" target=\"_blank\">5 Netflix-premi\u00e4rer vi l\u00e4ngtar efter i december<\/a><\/p>\n<p><img loading=\"lazy\" height=\"328\" width=\"648\" class=\"wp-image-709095 sp-no-webp perfmatters-lazy\" alt=\"\" decoding=\"async\" src=\"https:\/\/www.europesays.com\/se\/wp-content\/uploads\/2025\/12\/Harry-potter-quidditch-648x328.jpg\"  data-\/> <\/p>\n<p>Rollen gick \u00f6ver till <strong>Michael Gambon<\/strong>, som gjorde en annorlunda och barsk tolkning av den \u00e4lskade rektorn. M\u00e5nga menar att Harris gjorde Dumbledore mer r\u00e4ttvis, till skillnad fr\u00e5n Gambon som inte riktigt f\u00e5ngade karakt\u00e4rerna anda. <\/p>\n<p>L\u00e4s ocks\u00e5: <a href=\"https:\/\/www.moviezine.se\/nyheter\/forsta-och-enda-filmen-fran-harry-potters-varld-att-vinna-en-oscar-visas-pa-tv-ikvall\" title=\"Ikv\u00e4ll p\u00e5 tv: Den enda filmen i Harry Potters-franchisen att vinna en Oscar\" class=\"underline-custom !font-montserrat !font-bold !underline-offset-4 !decoration-4 !decoration-moviezine-green !text-md\" rel=\"nofollow noopener\" target=\"_blank\">Ikv\u00e4ll p\u00e5 tv: Den enda filmen i Harry Potters-franchisen att vinna en Oscar<\/a><\/p>\n<p>Slutligen, f\u00f6r att skapa monstret i filmens klimax, basilisken, anv\u00e4ndes en blandning av <a href=\"https:\/\/www.wbstudiotour.co.uk\/explore-the-tour\/creature-effects\/?utm_source=chatgpt.com\" rel=\"nofollow noopener\" target=\"_blank\">CGI och praktiska modeller<\/a>. I n\u00e4rbilderna d\u00e4r Harry interagerar med monstret byggde effektteamet ett animatroniskt ormhuvud med r\u00f6rliga k\u00e4kar, \u00f6gon och tunga. <\/p>\n<p>Viss del av kroppen byggdes ocks\u00e5 i full skala. Scenerna som visar monstret som helhet tog hj\u00e4lp av CGI som byggde vidare p\u00e5 animatronikens design. Resultatet \u00e4r en \u00f6verraskande realistisk orm, och filmseriens snyggaste monster.<\/p>\n<p>Missa inte det andra \u00e4ventyret med Harry p\u00e5 tv ikv\u00e4ll! <\/p>\n<p><strong>H\u00e4r kan du se \u201dHarry Potter och Hemligheternas kammare\u201d:\u00a0<\/strong><\/p>\n<ul class=\"wp-block-list\">\n<li>Ikv\u00e4ll 21\/12 17:40 p\u00e5 TV3<\/li>\n<li>Streama p\u00e5 HBO Max<\/li>\n<li>Hyr\/k\u00f6p p\u00e5 SF Anytime <\/li>\n<\/ul>\n<p><img loading=\"lazy\" decoding=\"async\" alt=\"YouTube video\" width=\"480\" height=\"360\" data-pin-nopin=\"true\" nopin=\"nopin\" class=\"perfmatters-lazy\" src=\"https:\/\/www.europesays.com\/se\/wp-content\/uploads\/2025\/12\/1766328341_986_hqdefault.jpg\"\/><\/p>\n<p>L\u00e4s ocks\u00e5: <a href=\"https:\/\/www.moviezine.se\/nyheter\/pa-bara-17-dagar-ar-zootropolis-2-arets-storsta-hollywood-film\" title=\"P\u00e5 bara 17 dagar \u00e4r \u201dZootropolis 2\u201d \u00e5rets st\u00f6rsta Hollywood-film\" class=\"underline-custom !font-montserrat !font-bold !underline-offset-4 !decoration-4 !decoration-moviezine-green !text-md\" rel=\"nofollow noopener\" target=\"_blank\">P\u00e5 bara 17 dagar \u00e4r \u201dZootropolis 2\u201d \u00e5rets st\u00f6rsta Hollywood-film<\/a><\/p>\n","protected":false},"excerpt":{"rendered":"Det tog inte l\u00e5ng tid f\u00f6r Warner att f\u00e5 ut den andra filmatiseringen av \u201dHarry Potter\u201d p\u00e5 bio.&hellip;\n","protected":false},"author":2,"featured_media":112879,"comment_status":"","ping_status":"","sticky":false,"template":"","format":"standard","meta":{"footnotes":""},"categories":[67],"tags":[104,2971,2454,34,31,33,32,30,2768,105,11455],"class_list":{"0":"post-112878","1":"post","2":"type-post","3":"status-publish","4":"format-standard","5":"has-post-thumbnail","7":"category-underhallning","8":"tag-entertainment","9":"tag-fantasy","10":"tag-harry-potter","11":"tag-se","12":"tag-svenska","13":"tag-sverige","14":"tag-sweden","15":"tag-swedish","16":"tag-tv-tips","17":"tag-underhallning","18":"tag-warner-bros"},"share_on_mastodon":{"url":"https:\/\/pubeurope.com\/@se\/115758099604142395","error":""},"_links":{"self":[{"href":"https:\/\/www.europesays.com\/se\/wp-json\/wp\/v2\/posts\/112878","targetHints":{"allow":["GET"]}}],"collection":[{"href":"https:\/\/www.europesays.com\/se\/wp-json\/wp\/v2\/posts"}],"about":[{"href":"https:\/\/www.europesays.com\/se\/wp-json\/wp\/v2\/types\/post"}],"author":[{"embeddable":true,"href":"https:\/\/www.europesays.com\/se\/wp-json\/wp\/v2\/users\/2"}],"replies":[{"embeddable":true,"href":"https:\/\/www.europesays.com\/se\/wp-json\/wp\/v2\/comments?post=112878"}],"version-history":[{"count":0,"href":"https:\/\/www.europesays.com\/se\/wp-json\/wp\/v2\/posts\/112878\/revisions"}],"wp:featuredmedia":[{"embeddable":true,"href":"https:\/\/www.europesays.com\/se\/wp-json\/wp\/v2\/media\/112879"}],"wp:attachment":[{"href":"https:\/\/www.europesays.com\/se\/wp-json\/wp\/v2\/media?parent=112878"}],"wp:term":[{"taxonomy":"category","embeddable":true,"href":"https:\/\/www.europesays.com\/se\/wp-json\/wp\/v2\/categories?post=112878"},{"taxonomy":"post_tag","embeddable":true,"href":"https:\/\/www.europesays.com\/se\/wp-json\/wp\/v2\/tags?post=112878"}],"curies":[{"name":"wp","href":"https:\/\/api.w.org\/{rel}","templated":true}]}}