{"id":112886,"date":"2025-12-21T14:57:32","date_gmt":"2025-12-21T14:57:32","guid":{"rendered":"https:\/\/www.europesays.com\/se\/112886\/"},"modified":"2025-12-21T14:57:32","modified_gmt":"2025-12-21T14:57:32","slug":"macron-forradde-merz-pa-toppmotet","status":"publish","type":"post","link":"https:\/\/www.europesays.com\/se\/112886\/","title":{"rendered":"Macron f\u00f6rr\u00e5dde Merz p\u00e5 toppm\u00f6tet"},"content":{"rendered":"<p>Det var Emmanuel Macron som s\u00e5g till att EU:s plan om att anv\u00e4nda de frysta ryska tillg\u00e5ngarna gick i st\u00f6pet. Det uppger k\u00e4llor med insyn f\u00f6r Financial Times.<\/p>\n<p>Veckorna f\u00f6re m\u00f6tet uttryckte Macron ingen skepsis mot att anv\u00e4nda tillg\u00e5ngarna f\u00f6r att finansiera Ukraina. Men i sin n\u00e4rmaste krets varnade han f\u00f6r att Frankrike, som \u00e4r djupt inne i en budgetkris, inte hade m\u00f6jlighet att g\u00e5 med p\u00e5 ett s\u00e5dant avtal.<\/p>\n<p>Under torsdagens m\u00f6te f\u00f6rs\u00f6kte den tyske f\u00f6rbundskanslern Friedrich Merz f\u00e5 alla EU-l\u00e4nder ombord. Belgien sa nej, Italien inst\u00e4mde i motst\u00e5ndet och Macron f\u00f6ljde efter. Det blev d\u00f6dsst\u00f6ten, uppger k\u00e4llorna.<\/p>\n<p>\u2013 Macron f\u00f6rr\u00e5dde Merz, och han vet att han kommer att betala ett pris f\u00f6r det. Men han \u00e4r s\u00e5 svag att han inte hade n\u00e5got annat val, s\u00e4ger en h\u00f6gt uppsatt EU-diplomat.<\/p>\n<p>Omni \u00e4r politiskt obundna och oberoende. Vi str\u00e4var efter att ge fler perspektiv p\u00e5 nyheterna. Har du fr\u00e5gor eller synpunkter kring v\u00e5r rapportering? <a href=\"https:\/\/omni.se\/eu-kalla-macron-forradde-merz-pa-toppmotet\/a\/mailto:redaktion@omni.se\" class=\"ArticleActions_contactLink__W2F1M\" rel=\"nofollow noopener\" target=\"_blank\">Kontakta redaktionen<\/a><\/p>\n","protected":false},"excerpt":{"rendered":"Det var Emmanuel Macron som s\u00e5g till att EU:s plan om att anv\u00e4nda de frysta ryska tillg\u00e5ngarna gick&hellip;\n","protected":false},"author":2,"featured_media":112887,"comment_status":"","ping_status":"","sticky":false,"template":"","format":"standard","meta":{"footnotes":""},"categories":[14],"tags":[3827,22,23,265,73,26,27,266,2022,260,17,21,692,24,25,28,29,15,16,18,269,34,31,33,32,30,19,20,2531,408,263,51,52,53,54],"class_list":{"0":"post-112886","1":"post","2":"type-post","3":"status-publish","4":"format-standard","5":"has-post-thumbnail","7":"category-varlden","8":"tag-belgien","9":"tag-breaking-news","10":"tag-breakingnews","11":"tag-emmanuel-macron","12":"tag-eu","13":"tag-featured-news","14":"tag-featurednews","15":"tag-frankrike","16":"tag-fransk-politik","17":"tag-friedrich-merz","18":"tag-headlines","19":"tag-huvudnyheter","20":"tag-italien","21":"tag-latest-news","22":"tag-latestnews","23":"tag-main-news","24":"tag-mainnews","25":"tag-news","26":"tag-nyheter","27":"tag-rubriker","28":"tag-ryska-invasionen","29":"tag-se","30":"tag-svenska","31":"tag-sverige","32":"tag-sweden","33":"tag-swedish","34":"tag-top-stories","35":"tag-topstories","36":"tag-tysk-politik","37":"tag-tyskland","38":"tag-ukraina","39":"tag-varlden","40":"tag-world","41":"tag-world-news","42":"tag-worldnews"},"share_on_mastodon":{"url":"https:\/\/pubeurope.com\/@se\/115758146758286079","error":""},"_links":{"self":[{"href":"https:\/\/www.europesays.com\/se\/wp-json\/wp\/v2\/posts\/112886","targetHints":{"allow":["GET"]}}],"collection":[{"href":"https:\/\/www.europesays.com\/se\/wp-json\/wp\/v2\/posts"}],"about":[{"href":"https:\/\/www.europesays.com\/se\/wp-json\/wp\/v2\/types\/post"}],"author":[{"embeddable":true,"href":"https:\/\/www.europesays.com\/se\/wp-json\/wp\/v2\/users\/2"}],"replies":[{"embeddable":true,"href":"https:\/\/www.europesays.com\/se\/wp-json\/wp\/v2\/comments?post=112886"}],"version-history":[{"count":0,"href":"https:\/\/www.europesays.com\/se\/wp-json\/wp\/v2\/posts\/112886\/revisions"}],"wp:featuredmedia":[{"embeddable":true,"href":"https:\/\/www.europesays.com\/se\/wp-json\/wp\/v2\/media\/112887"}],"wp:attachment":[{"href":"https:\/\/www.europesays.com\/se\/wp-json\/wp\/v2\/media?parent=112886"}],"wp:term":[{"taxonomy":"category","embeddable":true,"href":"https:\/\/www.europesays.com\/se\/wp-json\/wp\/v2\/categories?post=112886"},{"taxonomy":"post_tag","embeddable":true,"href":"https:\/\/www.europesays.com\/se\/wp-json\/wp\/v2\/tags?post=112886"}],"curies":[{"name":"wp","href":"https:\/\/api.w.org\/{rel}","templated":true}]}}