{"id":112890,"date":"2025-12-21T14:59:41","date_gmt":"2025-12-21T14:59:41","guid":{"rendered":"https:\/\/www.europesays.com\/se\/112890\/"},"modified":"2025-12-21T14:59:41","modified_gmt":"2025-12-21T14:59:41","slug":"halt-pa-vagar-i-vastsverige-flera-olyckor","status":"publish","type":"post","link":"https:\/\/www.europesays.com\/se\/112890\/","title":{"rendered":"Halt p\u00e5 v\u00e4gar i V\u00e4stsverige \u2013 flera olyckor"},"content":{"rendered":"<p>Publicerad 21 dec 2025 kl 09.51Uppdaterad kl 12.56<\/p>\n<p>Nu sjunker temperaturerna.<\/p>\n<p>P\u00e5 flera h\u00e5ll i landet rapporteras det om olyckor till f\u00f6ljd av halka, och trafikanter uppmanas vara f\u00f6rsiktiga.\u00a0<\/p>\n<p>Polisen varnar f\u00f6r \u201dextrem\u201d halka p\u00e5 E4.\u00a0<\/p>\n<p>Senaste nyhetsklippen fr\u00e5n Expressen.<img   alt=\"\"\/><\/p>\n<p>E4 vid S\u00f6dert\u00e4lje d\u00e4r hastigheten s\u00e4nkts inf\u00f6r julen efter att sprickor uppt\u00e4ckts v\u00e4gbanan.<\/p>\n<p>Foto: Fredrik Sandberg\/TT \/ TT NYHETSBYR\u00c5N<\/p>\n<p>\u00d6ppna bild i helsk\u00e4rm<\/p>\n<p>Det \u00e4r just nu snorhalt p\u00e5 v\u00e4gar i v\u00e4stra Sverige, efter att temperaturerna dykt ner mot nollan. Enligt P4 V\u00e4st r\u00f6r det sig om E45 runt V\u00e4nersborg, l\u00e4nsv\u00e4g 165 mellan Dingle och Vassbotten, och riksv\u00e4g 44 mellan Trollh\u00e4ttan och Uddevalla.<\/p>\n<p>P\u00e5 den sistn\u00e4mnda v\u00e4gen intr\u00e4ffade en singelolycka p\u00e5 s\u00f6ndagsmorgonen. En bil k\u00f6rde d\u00e5 in i mittr\u00e4cket.<\/p>\n<p>\u2013 Det \u00e4r j\u00e4ttehalt p\u00e5 platsen och vi har st\u00e4ngt av v\u00e4gen n\u00e4r vi h\u00e5ller p\u00e5 att jobba d\u00e4r, men den \u00e4r \u00f6ppen snart igen, sa Ulrik Olsson, vakthavande bef\u00e4l vid r\u00e4ddningstj\u00e4nsten, till <a href=\"https:\/\/www.bohuslaningen.se\/nyheter\/uddevalla\/trafikolycka-pa-rv44.e75f1827-6c38-4462-a8a1-93e5710a1c98\" rel=\"nofollow noopener\" target=\"_blank\">Bohusl\u00e4ningen<\/a>.\u00a0<\/p>\n<p>Ingen skadades i olyckan.<\/p>\n<p>\u201dExtrem halka\u201d<\/p>\n<p>\u00c4ven p\u00e5 andra h\u00e5ll i landet har v\u00e4garna fryst till. P\u00e5 E4 utanf\u00f6r Tierp har tv\u00e5 fordon varit inblandade i en olycka p\u00e5 grund av blixthalka, uppger polisen. Polisen uppmanar trafikanter p\u00e5 E4 att vara f\u00f6rsiktiga p\u00e5 grund av den \u201dextrema halkan\u201d.\u00a0<\/p>\n<p>\u2013 Det verkar vara halt \u00f6verallt just nu. P\u00e5 sina h\u00e5ll kan det vara bra v\u00e4glag, men sedan blir det pl\u00f6tsligt blixthalka, s\u00e4ger Magnus Jansson Klarin, presstalesperson p\u00e5 polisen.\u00a0<\/p>\n<p>Jultrafiken \u00e4r i full g\u00e5ng och den som ska ge sig ut p\u00e5 v\u00e4garna b\u00f6r ta det f\u00f6rsiktigt, anpassa hastigheten och h\u00e5lla avst\u00e5ndet, forts\u00e4tter Jansson Klarin.\u00a0<\/p>\n<p>Flera halkolyckor<\/p>\n<p>Utanf\u00f6r G\u00e4vle voltade en bil p\u00e5 grund av halkan. F\u00f6raren beh\u00f6vde inte \u00e5ka till sjukhus. En liknande olycka intr\u00e4ffade runt 10.30 p\u00e5 l\u00e4nsv\u00e4g 250 utanf\u00f6r Kungs\u00f6r. Bilf\u00f6raren \u00e4r skadad, men har tagit sig ur bilen p\u00e5 egen hand.<\/p>\n<p>P\u00e5 v\u00e4g 66, i h\u00f6jd med Lillh\u00e4rad i V\u00e4stmanland, intr\u00e4ffade en annan singelolycka. Det \u00e4r mycket halt p\u00e5 platsen, skriver <a href=\"https:\/\/www.vlt.se\/2025-12-21\/en-person-till-sjukhus-efter-trafikolycka-glashalt\/\" rel=\"nofollow noopener\" target=\"_blank\">VLT<\/a>.<\/p>\n<p>Utanf\u00f6r J\u00f6nk\u00f6ping hamnade ett lastbilssl\u00e4p i ett dike efter att lastbilen halkat till p\u00e5 v\u00e4g 195, rapporterar <a href=\"https:\/\/www.jp.se\/2025-12-11\/just-nu-bilar-saboterade-vid-asecs-polispadrag-pa-oxnehaga\/?ifr-dir-postId=e9853a84-738a-4626-b292-2290d56a53b2\" rel=\"nofollow noopener\" target=\"_blank\">JP.<\/a> Olyckan skedde p\u00e5 grund av halkan.\u00a0<\/p>\n<p>SMHI har inte utf\u00e4rdat n\u00e5gon varning f\u00f6r halka under s\u00f6ndagen. \u00a0<\/p>\n<p>\u2013 F\u00f6r att vi ska g\u00e5 ut med varningar p\u00e5 nationell niv\u00e5 kr\u00e4vs det att det ska ha skett ett snabbt f\u00f6rlopp av pl\u00f6tslig ishalka, till exempel att det regnar och att temperaturerna snabbt faller, eller att regn faller p\u00e5 kalla v\u00e4gbanor, s\u00e4ger SMHI:s meteorolog Linnea Rehn Wittskog.\u00a0<\/p>\n","protected":false},"excerpt":{"rendered":"Publicerad 21 dec 2025 kl 09.51Uppdaterad kl 12.56 Nu sjunker temperaturerna. P\u00e5 flera h\u00e5ll i landet rapporteras det&hellip;\n","protected":false},"author":2,"featured_media":112891,"comment_status":"","ping_status":"","sticky":false,"template":"","format":"standard","meta":{"footnotes":""},"categories":[5],"tags":[22,23,26,27,17,21,24,25,1753,28,29,15,16,18,34,154,31,33,32,30,19,5627,4070,20],"class_list":{"0":"post-112890","1":"post","2":"type-post","3":"status-publish","4":"format-standard","5":"has-post-thumbnail","7":"category-rubriker","8":"tag-breaking-news","9":"tag-breakingnews","10":"tag-featured-news","11":"tag-featurednews","12":"tag-headlines","13":"tag-huvudnyheter","14":"tag-latest-news","15":"tag-latestnews","16":"tag-location-vastsverige","17":"tag-main-news","18":"tag-mainnews","19":"tag-news","20":"tag-nyheter","21":"tag-rubriker","22":"tag-se","23":"tag-sections-sverige","24":"tag-svenska","25":"tag-sverige","26":"tag-sweden","27":"tag-swedish","28":"tag-top-stories","29":"tag-topic-halka","30":"tag-topic-trafikolycka","31":"tag-topstories"},"share_on_mastodon":{"url":"https:\/\/pubeurope.com\/@se\/115758154613085171","error":""},"_links":{"self":[{"href":"https:\/\/www.europesays.com\/se\/wp-json\/wp\/v2\/posts\/112890","targetHints":{"allow":["GET"]}}],"collection":[{"href":"https:\/\/www.europesays.com\/se\/wp-json\/wp\/v2\/posts"}],"about":[{"href":"https:\/\/www.europesays.com\/se\/wp-json\/wp\/v2\/types\/post"}],"author":[{"embeddable":true,"href":"https:\/\/www.europesays.com\/se\/wp-json\/wp\/v2\/users\/2"}],"replies":[{"embeddable":true,"href":"https:\/\/www.europesays.com\/se\/wp-json\/wp\/v2\/comments?post=112890"}],"version-history":[{"count":0,"href":"https:\/\/www.europesays.com\/se\/wp-json\/wp\/v2\/posts\/112890\/revisions"}],"wp:featuredmedia":[{"embeddable":true,"href":"https:\/\/www.europesays.com\/se\/wp-json\/wp\/v2\/media\/112891"}],"wp:attachment":[{"href":"https:\/\/www.europesays.com\/se\/wp-json\/wp\/v2\/media?parent=112890"}],"wp:term":[{"taxonomy":"category","embeddable":true,"href":"https:\/\/www.europesays.com\/se\/wp-json\/wp\/v2\/categories?post=112890"},{"taxonomy":"post_tag","embeddable":true,"href":"https:\/\/www.europesays.com\/se\/wp-json\/wp\/v2\/tags?post=112890"}],"curies":[{"name":"wp","href":"https:\/\/api.w.org\/{rel}","templated":true}]}}