{"id":112899,"date":"2025-12-21T15:09:07","date_gmt":"2025-12-21T15:09:07","guid":{"rendered":"https:\/\/www.europesays.com\/se\/112899\/"},"modified":"2025-12-21T15:09:07","modified_gmt":"2025-12-21T15:09:07","slug":"svenska-herrarna-skot-bort-sig-i-masstarten-skidskytte","status":"publish","type":"post","link":"https:\/\/www.europesays.com\/se\/112899\/","title":{"rendered":"Svenska herrarna sk\u00f6t bort sig i masstarten | Skidskytte"},"content":{"rendered":"<p>Publicerad 21 dec 2025 kl 15.24Uppdaterad kl 15.57<\/p>\n<p>Sebastian Samuelsson och Martin Ponsiluoma hade slagl\u00e4ge i masstarten efter det liggande skyttet. Men flera bom i st\u00e5ende grusade f\u00f6rhoppningarna om t\u00e4tplaceringar.<\/p>\n<p>\u2013 Det k\u00e4nns r\u00e4tt bra, men det \u00e4r sm\u00e5 marginaler, sammanfattar Martin Ponsiluoma.<\/p>\n<p><img   alt=\"\"\/> <\/p>\n<p>Foto: MATHIAS BERGELD \/ BILDBYR\u00c5N<\/p>\n<p>\u00d6ppna bild i helsk\u00e4rm<img loading=\"lazy\"   alt=\"\"\/> <\/p>\n<p>Foto: SIMON HASTEG\u00c5RD \/ BILDBYR\u00c5N<\/p>\n<p>\u00d6ppna bild i helsk\u00e4rm<\/p>\n<p>Det fanns hopp om framskjutna placeringar i herrarnas masstart i Annecy. Sebastian Samuelsson sk\u00f6t fullt i de b\u00e5da liggande serierna och Martin Ponsiluoma kom undan med en bom och b\u00e5da var med i t\u00e4ten efter halva loppet. \u00a0<\/p>\n<p>Men precis som f\u00f6r Ella Halvarsson ett par timmar tidigare s\u00e5 sk\u00f6t de bort sig i det f\u00f6rsta st\u00e5ende skyttet.<\/p>\n<p>B\u00e5da svenskarna bommade tv\u00e5 skott och d\u00e4rmed var hoppet om segern ute, trots att de var snabba i sp\u00e5ren. I det avslutande skyttet blev det ytterligare missar f\u00f6r de b\u00e5da svenskarna.<\/p>\n<p>Samuelsson: \u201dN\u00e5gon bom f\u00f6r mycket\u201d<\/p>\n<p>Martin Ponsiluoma var n\u00f6jd med loppet, trots svajigt skytte.<\/p>\n<p>\u2013 Det k\u00e4nns r\u00e4tt bra, men det \u00e4r sm\u00e5 marginaler. Det \u00e4r mycket som h\u00e4nder runtomkring en och det k\u00e4ndes som att m\u00e5nga skott skulle kunna vara n\u00e4ra, s\u00e4ger Martin Ponsiluoma.<\/p>\n<p>Samuelsson var \u00e4ven han inne p\u00e5 samma sp\u00e5r.<\/p>\n<p>\u2013 Det \u00e4r mycket som var bra, men tyv\u00e4rr blir det n\u00e5gon bom f\u00f6r mycket. Jag hade beh\u00f6vt tr\u00e4ffa ett skott till, d\u00e5 hade det kunnat bli bra.<\/p>\n<p><strong>K\u00e4nner man som skidskytt att det ofta blir en bom f\u00f6r mycket?<\/strong><\/p>\n<p>\u2013 Som skidskytt tror jag alla k\u00e4nner det. Det g\u00e5r upp och ner. Om man ser till helheten har jag presterat v\u00e4ldigt bra s\u00e5 h\u00e4r l\u00e5ngt.<\/p>\n<p>Samuelsson blev b\u00e4ste svensk p\u00e5 en \u00e5ttondeplats, medan Ponsiluoma blev elva.<\/p>\n<p>Italienaren Tommaso Giacomel vann jaktstarten, f\u00f6re fransmannen \u00c9ric Perrot och norrmannen Vetle Sj\u00e5stad Christiansen rundade av pallen.<\/p>\n<p>Svenska resultaten<\/p>\n<p>11. Sebastian Samuelsson<\/p>\n<p>11. Martin Ponsiluoma<\/p>\n<p>27. Jesper Nelin<\/p>\n<p>Visa mer<\/p>\n","protected":false},"excerpt":{"rendered":"Publicerad 21 dec 2025 kl 15.24Uppdaterad kl 15.57 Sebastian Samuelsson och Martin Ponsiluoma hade slagl\u00e4ge i masstarten efter&hellip;\n","protected":false},"author":2,"featured_media":112900,"comment_status":"","ping_status":"","sticky":false,"template":"","format":"standard","meta":{"footnotes":""},"categories":[68],"tags":[34,945,111,110,31,33,32,30],"class_list":{"0":"post-112899","1":"post","2":"type-post","3":"status-publish","4":"format-standard","5":"has-post-thumbnail","7":"category-sport","8":"tag-se","9":"tag-sections-skidskytte","10":"tag-sport","11":"tag-sports","12":"tag-svenska","13":"tag-sverige","14":"tag-sweden","15":"tag-swedish"},"share_on_mastodon":{"url":"https:\/\/pubeurope.com\/@se\/115758193924942369","error":""},"_links":{"self":[{"href":"https:\/\/www.europesays.com\/se\/wp-json\/wp\/v2\/posts\/112899","targetHints":{"allow":["GET"]}}],"collection":[{"href":"https:\/\/www.europesays.com\/se\/wp-json\/wp\/v2\/posts"}],"about":[{"href":"https:\/\/www.europesays.com\/se\/wp-json\/wp\/v2\/types\/post"}],"author":[{"embeddable":true,"href":"https:\/\/www.europesays.com\/se\/wp-json\/wp\/v2\/users\/2"}],"replies":[{"embeddable":true,"href":"https:\/\/www.europesays.com\/se\/wp-json\/wp\/v2\/comments?post=112899"}],"version-history":[{"count":0,"href":"https:\/\/www.europesays.com\/se\/wp-json\/wp\/v2\/posts\/112899\/revisions"}],"wp:featuredmedia":[{"embeddable":true,"href":"https:\/\/www.europesays.com\/se\/wp-json\/wp\/v2\/media\/112900"}],"wp:attachment":[{"href":"https:\/\/www.europesays.com\/se\/wp-json\/wp\/v2\/media?parent=112899"}],"wp:term":[{"taxonomy":"category","embeddable":true,"href":"https:\/\/www.europesays.com\/se\/wp-json\/wp\/v2\/categories?post=112899"},{"taxonomy":"post_tag","embeddable":true,"href":"https:\/\/www.europesays.com\/se\/wp-json\/wp\/v2\/tags?post=112899"}],"curies":[{"name":"wp","href":"https:\/\/api.w.org\/{rel}","templated":true}]}}