{"id":112912,"date":"2025-12-21T15:21:29","date_gmt":"2025-12-21T15:21:29","guid":{"rendered":"https:\/\/www.europesays.com\/se\/112912\/"},"modified":"2025-12-21T15:21:29","modified_gmt":"2025-12-21T15:21:29","slug":"aven-donald-trump-kunde-tamjas","status":"publish","type":"post","link":"https:\/\/www.europesays.com\/se\/112912\/","title":{"rendered":"\u00c4ven Donald Trump kunde t\u00e4mjas"},"content":{"rendered":"<p>Den franska investmentbanken <a href=\"https:\/\/www.im.natixis.com\/content\/dam\/natixis\/website\/insights\/investor-sentiment\/2025\/2026-institutional-investor-survey-outlook\/2026-institutional-outlook-survey-rc163-1025.pdf\" rel=\"nofollow noopener\" target=\"_blank\">Natixis<\/a> fr\u00e5gar i slutet av varje \u00e5r \u00f6ver 500 fondf\u00f6rvaltare v\u00e4rlden \u00f6ver om deras syn p\u00e5 risker och m\u00f6jligheter inf\u00f6r det nya \u00e5ret. Den upplaga som nyligen publicerades s\u00e4ger dock en hel del ocks\u00e5 om det \u00e5r som vi snart l\u00e4gger bakom oss.\u00a0<\/p>\n<p>F\u00f6rv\u00e5nande nog \u00e4r det inte en sprucken AI-bubbla som toppar listan \u00f6ver vad f\u00f6rvaltarna ser som det st\u00f6rsta ekonomiska hotet inf\u00f6r 2026. S\u00e5 m\u00e5nga som h\u00e4lften av alla svarande oroar sig snarare f\u00f6r att geopolitiken kommer att eskalera ytterligare j\u00e4mf\u00f6rt med i \u00e5r.\u00a0<\/p>\n<p>En \u00f6verv\u00e4ldigande majoritet, 73 procent, anser att \u201dpolitisk dysfunktionalitet\u201d \u00e4r ett \u00f6kande hot mot marknadsstabilitet. Och 77 procent f\u00f6rutsp\u00e5r att tullar kommer att vara r\u00f6rlig materia ocks\u00e5 under 2026.\u00a0<\/p>\n<p>Enk\u00e4ten visar dessutom att f\u00e5 investerare planerar att \u00f6ka sin exponering mot den amerikanska marknaden under 2026, medan tilltron till b\u00e5de europeiska och asiatiska aktiemarknader \u00e4r p\u00e5 upp\u00e5tg\u00e5ende.\u00a0<\/p>\n<p><strong>Donald Trump kan skymtas bakom samtliga<\/strong> dessa resultat. Ungef\u00e4r som hela 2025 kan sammanfattas globalt: i princip allt har handlat om den nygamle amerikanska presidenten. Han har p\u00e5 egen hand skapat nya risker f\u00f6r finansmarknaderna, som attackerna mot Federal Reserves oberoende. Han har inf\u00f6rt en ny permanent os\u00e4kerhet f\u00f6r bolag med exportintressen i USA och f\u00f6r dem som \u00e4r p\u00e5 plats i USA men importerar komponenter. Trots att USA har ing\u00e5tt avtal med flera l\u00e4nder, inklusive EU, kan ingen vara s\u00e4ker p\u00e5 vilka tullniv\u00e5er som ska g\u00e4lla n\u00e4sta vecka.\u00a0<\/p>\n<blockquote class=\"quote\"><p>N\u00e4r USA i realtid \u00f6verger allierade till f\u00f6rm\u00e5n f\u00f6r ekonomiska intressen \u00e4r det inte konstigt att dessa l\u00e4nder tar chansen.<\/p><\/blockquote>\n<p>N\u00e4r det g\u00e4ller den \u00f6kade geopolitiska risken \u00e4r det m\u00f6jligen inte lika sj\u00e4lvklart kopplat till Donald Trump. Hans hot om att ta \u00f6ver Gr\u00f6nland och Kanada har tonats ned.\u00a0<\/p>\n<p>Men det \u00e4r samtidigt tydligt hur de destruktiva krafterna i v\u00e4rlden har flyttat fram sina positioner det senaste \u00e5ret. Iran, Ryssland, Kina och Nordkorea agerar inte bara allt mer aggressivt, utan ocks\u00e5 allt mer samspelt.\u00a0<\/p>\n<p>Det har h\u00f6gst sannolikt att g\u00f6ra med att den tidigare \u201dv\u00e4rldspolisen\u201d nu inte tycks bry sig. N\u00e4r USA i realtid \u00f6verger allierade till f\u00f6rm\u00e5n f\u00f6r ekonomiska intressen \u00e4r det inte konstigt att dessa l\u00e4nder tar chansen. De testar vad de kan komma undan med.\u00a0<\/p>\n<p><strong>Det Europa kan g\u00f6ra f\u00f6r att svara upp<\/strong> mot detta \u00e4r att inte vika en tum gentemot Ryssland, att med kraft besvara alla provokationer och st\u00e5 enade i st\u00f6det till Ukraina. F\u00f6rra veckans <a href=\"https:\/\/www.di.se\/live\/miljardlan-till-ukraina-eu-budget-som-sakerhet\/\" rel=\"nofollow noopener\" target=\"_blank\">EU-uppg\u00f6relse<\/a> om ny l\u00e5ngsiktig finansiering till landet var ett viktigt steg.<\/p>\n<p>N\u00e4r det g\u00e4ller Donald Trump och vilka l\u00e4rdomar vi kan dra av 2025 \u00e4r det tydligt att man aldrig ska ta n\u00e5got f\u00f6r givet n\u00e4r det g\u00e4ller hans administration. F\u00f6r n\u00e4ringslivet st\u00e4ller det nya krav p\u00e5 flexibilitet, p\u00e5 att alltid s\u00e4kra upp flera alternativ och att ha tillg\u00e5ng till en buffert.\u00a0<\/p>\n<p>Detsamma g\u00e4ller faktiskt ocks\u00e5 s\u00e4kerhetspolitiskt f\u00f6r Europa, som den h\u00e5rda v\u00e4gen har blivit varse vilka l\u00e5ga tankar Trump-administrationen hyser om v\u00e5r kontinent. Att den nya nationella s\u00e4kerhetsstrategin inte ens n\u00e4mner Ryssland, Kina eller Nordkorea som hot mot USA, men d\u00e4remot \u00e4gnar flera sidor \u00e5t att svartm\u00e5la utvecklingen i Europa, s\u00e4ger det mesta.\u00a0<\/p>\n<blockquote class=\"quote\"><p>F\u00f6r n\u00e4ringslivet st\u00e4ller det nya krav p\u00e5 flexibilitet, p\u00e5 att alltid s\u00e4kra upp flera alternativ och att ha tillg\u00e5ng till en buffert.<\/p><\/blockquote>\n<p>Oavsett vad de p\u00e5g\u00e5ende Ukraina-f\u00f6rhandlingarna resulterar i b\u00f6r vi inte f\u00f6rlita oss p\u00e5 att USA kommer att st\u00e4lla upp f\u00f6r Europa som landet har gjort historiskt, exempelvis med s\u00e4kerhetsgarantier f\u00f6r Ukraina, och planera d\u00e4refter.<\/p>\n<p><strong>En annan l\u00e4rdom fr\u00e5n 2025<\/strong> \u00e4r vikten av s\u00e4llsynta jordartsmetaller. Att de utg\u00f6r en central komponent i n\u00e5gra av v\u00e5r tids viktigaste tillverkningsprocesser visste vi redan. Men i h\u00e4nderna p\u00e5 en regim med ambition att ut\u00f6va p\u00e5tryckningar mot omv\u00e4rlden \u00e4r de ocks\u00e5 ett potent geopolitiskt vapen. Det har Xi Jinping visat under 2025 n\u00e4r han som svar p\u00e5 USA:s tullhot inf\u00f6rde begr\u00e4nsningar i exporten av s\u00e4llsynta jordartsmetaller. Det skapade snabbt flaskhalsar i produktionen, s\u00e5v\u00e4l i USA som i Europa, men ocks\u00e5 en betydligt mer medg\u00f6rlig Donald Trump.\u00a0<\/p>\n<p>Den uppenbara l\u00e4rdomen f\u00f6r Europa \u2013 att vi borde ha t\u00e4nkt p\u00e5 detta innan vi l\u00e4t Kina bygga upp en s\u00e5dan massiv dominans p\u00e5 ett strategiskt omr\u00e5de \u2013 hj\u00e4lper oss ju inte i dag.\u00a0<\/p>\n<p>Men b\u00e4ttre sent \u00e4n aldrig. Europa och Sverige b\u00f6r g\u00f6ra allt som st\u00e5r i v\u00e5r makt f\u00f6r att \u00f6ka sj\u00e4lvf\u00f6rs\u00f6rjningen p\u00e5 detta omr\u00e5de, inklusive att skynda p\u00e5 tillst\u00e5ndsprocesser och p\u00e5 allvar b\u00f6rja prioritera brytning av de naturresurser vi faktiskt har.<\/p>\n<blockquote class=\"quote\"><p>Europa skulle g\u00f6ra ett misstag om man best\u00e4mmer sig f\u00f6r att bem\u00f6ta dessa fenomen enbart med protektionism.<\/p><\/blockquote>\n<p>Ett annat centralt tema under 2025 har handlat om Kinas fortsatt ursinniga innovationstempo, men ocks\u00e5 deras dumpning av varor p\u00e5 den europeiska marknaden n\u00e4r USA mer eller mindre st\u00e4ngde d\u00f6rren f\u00f6r kinesisk import.\u00a0<\/p>\n<p>Den gemensamma n\u00e4mnaren \u00e4r att de b\u00e5da utg\u00f6r ett hot mot den h\u00e5rt pr\u00f6vade europeiska industrin. Men Europa skulle g\u00f6ra ett misstag om man best\u00e4mmer sig f\u00f6r att bem\u00f6ta dessa fenomen enbart med protektionism.\u00a0<\/p>\n<p>EU m\u00e5ste absolut bli b\u00e4ttre p\u00e5 att syna det systematiska kinesiska fusket. Men enskilda f\u00f6retag g\u00f6r d\u00e4remot klokt i att f\u00f6rs\u00f6ka samarbeta och l\u00e4ra av sina kinesiska motparter i syfte att st\u00e4rka sin egen konkurrenskraft.\u00a0<\/p>\n<p><strong>Inom det svenska n\u00e4ringslivet<\/strong> har 2025 i h\u00f6g grad handlat om AI, om storskaliga investeringar i datacenter och ber\u00e4kningskapacitet, men ocks\u00e5 om startups som sl\u00e5r v\u00e4rlden med h\u00e4pnad, som <a href=\"https:\/\/www.di.se\/digital\/lovables-vd-vi-ska-bli-ett-av-varldens-hogst-varderade-bolag\/\" rel=\"nofollow noopener\" target=\"_blank\">Loveable<\/a> och Legora. \u00c4ven \u201dresiliens\u201d-bolagen har haft glada dagar som en f\u00f6ljd av den europeiska f\u00f6rsvarsupprustningen.\u00a0<\/p>\n<p>F\u00f6r \u201dimpact\u201d-bolagen har det d\u00e4remot varit helt andra tong\u00e5ngar. Och n\u00e4r sentimentet v\u00e4nder p\u00e5 det dramatiska s\u00e4tt som har skett har det blivit tydligt att man som bolag inte har r\u00e5d att g\u00f6ra misstag \u2013 oavsett hur briljant och klimatsmart aff\u00e4rsid\u00e9 man har. Detta fick Northvolt bittert erfara. F\u00f6rhoppningsvis undviker Stegra ett liknande \u00f6de.\u00a0<\/p>\n<blockquote class=\"quote\"><p>N\u00e4r sentimentet v\u00e4nder p\u00e5 det dramatiska s\u00e4tt som har skett har det blivit tydligt att man som bolag inte har r\u00e5d att g\u00f6ra misstag.<\/p><\/blockquote>\n<p>Men trots de storskaliga industribakslagen, Vita husets f\u00e4ltt\u00e5g mot allt gr\u00f6nt och den p\u00e5g\u00e5ende uppluckringen av klimatlagarna inom EU \u00e4r det tydligt att den innovationsdrivna gr\u00f6na omst\u00e4llningen p\u00e5g\u00e5r f\u00f6r fullt inom det svenska n\u00e4ringslivet, \u00e4ven om alla inte skyltar med det p\u00e5 samma s\u00e4tt som tidigare.\u00a0<\/p>\n<p>Det \u00e4r en styrka som vi ska v\u00e4rna, som kommer att bidra till st\u00e4rkt konkurrenskraft fram\u00f6ver. Och det oavsett vad Donald Trump s\u00e4ger eller g\u00f6r 2026.<\/p>\n","protected":false},"excerpt":{"rendered":"Den franska investmentbanken Natixis fr\u00e5gar i slutet av varje \u00e5r \u00f6ver 500 fondf\u00f6rvaltare v\u00e4rlden \u00f6ver om deras syn&hellip;\n","protected":false},"author":2,"featured_media":112913,"comment_status":"","ping_status":"","sticky":false,"template":"","format":"standard","meta":{"footnotes":""},"categories":[14],"tags":[22,23,26,27,17,21,24,25,28,29,15,16,18,34,31,33,32,30,19,20,51,52,53,54],"class_list":{"0":"post-112912","1":"post","2":"type-post","3":"status-publish","4":"format-standard","5":"has-post-thumbnail","7":"category-varlden","8":"tag-breaking-news","9":"tag-breakingnews","10":"tag-featured-news","11":"tag-featurednews","12":"tag-headlines","13":"tag-huvudnyheter","14":"tag-latest-news","15":"tag-latestnews","16":"tag-main-news","17":"tag-mainnews","18":"tag-news","19":"tag-nyheter","20":"tag-rubriker","21":"tag-se","22":"tag-svenska","23":"tag-sverige","24":"tag-sweden","25":"tag-swedish","26":"tag-top-stories","27":"tag-topstories","28":"tag-varlden","29":"tag-world","30":"tag-world-news","31":"tag-worldnews"},"share_on_mastodon":{"url":"https:\/\/pubeurope.com\/@se\/115758241188455851","error":""},"_links":{"self":[{"href":"https:\/\/www.europesays.com\/se\/wp-json\/wp\/v2\/posts\/112912","targetHints":{"allow":["GET"]}}],"collection":[{"href":"https:\/\/www.europesays.com\/se\/wp-json\/wp\/v2\/posts"}],"about":[{"href":"https:\/\/www.europesays.com\/se\/wp-json\/wp\/v2\/types\/post"}],"author":[{"embeddable":true,"href":"https:\/\/www.europesays.com\/se\/wp-json\/wp\/v2\/users\/2"}],"replies":[{"embeddable":true,"href":"https:\/\/www.europesays.com\/se\/wp-json\/wp\/v2\/comments?post=112912"}],"version-history":[{"count":0,"href":"https:\/\/www.europesays.com\/se\/wp-json\/wp\/v2\/posts\/112912\/revisions"}],"wp:featuredmedia":[{"embeddable":true,"href":"https:\/\/www.europesays.com\/se\/wp-json\/wp\/v2\/media\/112913"}],"wp:attachment":[{"href":"https:\/\/www.europesays.com\/se\/wp-json\/wp\/v2\/media?parent=112912"}],"wp:term":[{"taxonomy":"category","embeddable":true,"href":"https:\/\/www.europesays.com\/se\/wp-json\/wp\/v2\/categories?post=112912"},{"taxonomy":"post_tag","embeddable":true,"href":"https:\/\/www.europesays.com\/se\/wp-json\/wp\/v2\/tags?post=112912"}],"curies":[{"name":"wp","href":"https:\/\/api.w.org\/{rel}","templated":true}]}}