{"id":112914,"date":"2025-12-21T15:22:11","date_gmt":"2025-12-21T15:22:11","guid":{"rendered":"https:\/\/www.europesays.com\/se\/112914\/"},"modified":"2025-12-21T15:22:11","modified_gmt":"2025-12-21T15:22:11","slug":"ikea-mannens-ursparade-bror-du-skot-mig","status":"publish","type":"post","link":"https:\/\/www.europesays.com\/se\/112914\/","title":{"rendered":"Ikea-m\u00e4nnens ursp\u00e5rade\n \u201dBror, du sk\u00f6t mig\u201d"},"content":{"rendered":"<p>Publicerad 21 dec 2025 kl 12.56<\/p>\n<p>Ikea-mannen blev arg \u00f6ver ryktet att en kollega var sexk\u00f6pare.<\/p>\n<p>Han st\u00e4mde tr\u00e4ff med den han trodde hade spritt ryktet.<\/p>\n<p>Det slutade med att han sk\u00f6t mannen i br\u00f6stet, enligt \u00e5talet.<\/p>\n<p>\u2013 Jag sa: \u201dBror, du sk\u00f6t mig\u201d, har offret ber\u00e4ttat i f\u00f6rh\u00f6r, vilket <a href=\"https:\/\/www.bt.se\/boras\/ikea-anstallda-i-konflikt-om-sexlista-borasare-skot-kollega\/\" rel=\"nofollow noopener\" target=\"_blank\">Bor\u00e5s tidning<\/a> har rapporterat om.<\/p>\n<p><img   alt=\"\"\/><\/p>\n<p>Skjutningen skedde vid V\u00e4tterns strand.<\/p>\n<p>Foto: Mattias Landstr\u00f6m \/ Jkpg News<\/p>\n<p>\u00d6ppna bild i helsk\u00e4rm<img loading=\"lazy\"   alt=\"\"\/><\/p>\n<p>En av pistolerna som hittades under den misst\u00e4nktes spis.<\/p>\n<p>Foto: Polisen<\/p>\n<p>\u00d6ppna bild i helsk\u00e4rm<\/p>\n<p>En natt i juli i \u00e5r <a href=\"https:\/\/www.expressen.se\/nyheter\/sverige\/misstankt-skottlossning-en-person-skadad\/\" rel=\"nofollow noopener\" target=\"_blank\">sk\u00f6ts en man i br\u00f6stet <\/a>p\u00e5 strandpromenaden vid V\u00e4ttern i J\u00f6nk\u00f6ping.<\/p>\n<p>Hans kompis som ocks\u00e5 blev beskjuten undgick att tr\u00e4ffas.<\/p>\n<p>Den oskadde mannen uppgav f\u00f6r polisen att det var en jobbarkompis som var g\u00e4rningsman.\u00a0<\/p>\n<p>Den misst\u00e4nkte greps samma natt. Tv\u00e5 pistoler hittades under spisen i hans k\u00f6k.\u00a0<\/p>\n<p>Det visade sig att alla tre inblandade arbetade p\u00e5 Ikea.\u00a0<\/p>\n<p>Den skjutne mannen \u00f6verlevde. Han ber\u00e4ttade i f\u00f6rh\u00f6r att det hade g\u00e5tt rykten om en swishlista med sexk\u00f6pare. En kollega, dock inte den misst\u00e4nkte g\u00e4rningsmannen, ska ha pekats ut f\u00f6r att ha varit en av sexk\u00f6parna.<\/p>\n<p>Offret: \u201dDet var ett h\u00e5l\u201d<\/p>\n<p>Den misst\u00e4nkte skytten ska ha f\u00e5tt uppfattningen att det var offret som spridit ryktet. De tr\u00e4ffades f\u00f6r att reda ut saken ihop med mannen som undgick kulorna och en fj\u00e4rde person.<\/p>\n<p>Br\u00e5k uppstod. Den misst\u00e4nkte skytten gick hem \u2013 och \u00e5terkom maskerad och pistolbev\u00e4pnad.\u00a0<\/p>\n<p>Offret har ber\u00e4ttat i f\u00f6rh\u00f6r om hur han blev skjuten:\u00a0<\/p>\n<p>\u2013 Jag hade en vit T-shirt, den var helt r\u00f6d. Jag s\u00e5g det var ett h\u00e5l h\u00e4r. Jag kollade p\u00e5 han. Jag sa: \u201dBror, du sk\u00f6t mig\u201d.<\/p>\n<p>Om relationen till den misst\u00e4nkte har han sagt:<\/p>\n<p>\u2013 Vi var n\u00e4ra v\u00e4nner, han var j\u00e4ttesn\u00e4ll.<\/p>\n<p><img loading=\"lazy\"   alt=\"\"\/><\/p>\n<p>Polisens rekonstruktion av hur de inblandade stod enligt offret.<\/p>\n<p>Foto: Polisen<\/p>\n<p>\u00d6ppna bild i helsk\u00e4rm<img loading=\"lazy\"   alt=\"\"\/><\/p>\n<p>Offrets blodiga T-shirt.<\/p>\n<p>Foto: Polisen<\/p>\n<p>\u00d6ppna bild i helsk\u00e4rm\u201dSka hota honom och skr\u00e4mma honom\u201d<\/p>\n<p>Den misst\u00e4nkte mannen erk\u00e4nde grovt vapenbrott, grovt olaga hot, grovt v\u00e5llande till kroppsskada men f\u00f6rnekade mordf\u00f6rs\u00f6k.<\/p>\n<p>Han bekr\u00e4ftade offrets version av bakgrunden till h\u00e4ndelsen.<\/p>\n<p>\u2013 Jag \u00e4r arg, jag kommer hem och f\u00e5r tankarna att jag har en pistol, och att jag ska hota honom och skr\u00e4mma honom, sa han i f\u00f6rh\u00f6r.\u00a0<\/p>\n<p>Han uppgav att han skjutit f\u00f6r att skr\u00e4mmas men kunde inte svara p\u00e5 varf\u00f6r hans skott hade tr\u00e4ffat en av m\u00e4nnen.\u00a0<\/p>\n<p><img loading=\"lazy\"   alt=\"\"\/><\/p>\n<p>Tv\u00e5 pistoler hittades under den misst\u00e4nktes spis.<\/p>\n<p>\u00d6ppna bild i helsk\u00e4rm\u201dV\u00e4rldens b\u00e4sta bror\u201d<\/p>\n<p>N\u00e4r den misst\u00e4nkte satt h\u00e4ktad fick han ett vykort som bland annat var underskrivet av offret. \u201dV\u00e4rldens b\u00e4sta bror\u201d, stod det p\u00e5 framsidan, och texten inleddes:<\/p>\n<p>\u201dHej bror, hoppas du m\u00e5r bra, va stark vi vet att det \u00e4r tufft\u201d.<\/p>\n<p><img loading=\"lazy\"   alt=\"\"\/><\/p>\n<p>Vykortet till den h\u00e4ktade mannen.<\/p>\n<p>\u00d6ppna bild i helsk\u00e4rm<\/p>\n<p>I ett senare f\u00f6rh\u00f6r \u00e4ndrade offret sin ber\u00e4ttelse och sa att den misst\u00e4nkte hade r\u00e5kat skjuta honom av misstag. Han hade inte p\u00e5verkats av n\u00e5gon att \u00e4ndra sin ber\u00e4ttelse, uppgav han.<\/p>\n<p>Den misst\u00e4nkte skytten har nu \u00e5talats f\u00f6r f\u00f6rs\u00f6k till mord eller i andra hand grovt olaga hot, grovt v\u00e5llande till kroppsskada och framkallande av fara f\u00f6r annan, samt f\u00f6r grovt vapenbrott.<\/p>\n","protected":false},"excerpt":{"rendered":"Publicerad 21 dec 2025 kl 12.56 Ikea-mannen blev arg \u00f6ver ryktet att en kollega var sexk\u00f6pare. Han st\u00e4mde&hellip;\n","protected":false},"author":2,"featured_media":112915,"comment_status":"","ping_status":"","sticky":false,"template":"","format":"standard","meta":{"footnotes":""},"categories":[12],"tags":[22,23,26,27,17,21,24,25,12354,28,29,15,16,18,34,154,31,33,32,30,19,136,20],"class_list":{"0":"post-112914","1":"post","2":"type-post","3":"status-publish","4":"format-standard","5":"has-post-thumbnail","7":"category-sverige","8":"tag-breaking-news","9":"tag-breakingnews","10":"tag-featured-news","11":"tag-featurednews","12":"tag-headlines","13":"tag-huvudnyheter","14":"tag-latest-news","15":"tag-latestnews","16":"tag-location-jonkopings-lan","17":"tag-main-news","18":"tag-mainnews","19":"tag-news","20":"tag-nyheter","21":"tag-rubriker","22":"tag-se","23":"tag-sections-sverige","24":"tag-svenska","25":"tag-sverige","26":"tag-sweden","27":"tag-swedish","28":"tag-top-stories","29":"tag-topic-rattegangar-domar","30":"tag-topstories"},"share_on_mastodon":{"url":"https:\/\/pubeurope.com\/@se\/115758245104392026","error":""},"_links":{"self":[{"href":"https:\/\/www.europesays.com\/se\/wp-json\/wp\/v2\/posts\/112914","targetHints":{"allow":["GET"]}}],"collection":[{"href":"https:\/\/www.europesays.com\/se\/wp-json\/wp\/v2\/posts"}],"about":[{"href":"https:\/\/www.europesays.com\/se\/wp-json\/wp\/v2\/types\/post"}],"author":[{"embeddable":true,"href":"https:\/\/www.europesays.com\/se\/wp-json\/wp\/v2\/users\/2"}],"replies":[{"embeddable":true,"href":"https:\/\/www.europesays.com\/se\/wp-json\/wp\/v2\/comments?post=112914"}],"version-history":[{"count":0,"href":"https:\/\/www.europesays.com\/se\/wp-json\/wp\/v2\/posts\/112914\/revisions"}],"wp:featuredmedia":[{"embeddable":true,"href":"https:\/\/www.europesays.com\/se\/wp-json\/wp\/v2\/media\/112915"}],"wp:attachment":[{"href":"https:\/\/www.europesays.com\/se\/wp-json\/wp\/v2\/media?parent=112914"}],"wp:term":[{"taxonomy":"category","embeddable":true,"href":"https:\/\/www.europesays.com\/se\/wp-json\/wp\/v2\/categories?post=112914"},{"taxonomy":"post_tag","embeddable":true,"href":"https:\/\/www.europesays.com\/se\/wp-json\/wp\/v2\/tags?post=112914"}],"curies":[{"name":"wp","href":"https:\/\/api.w.org\/{rel}","templated":true}]}}