{"id":112918,"date":"2025-12-21T15:25:11","date_gmt":"2025-12-21T15:25:11","guid":{"rendered":"https:\/\/www.europesays.com\/se\/112918\/"},"modified":"2025-12-21T15:25:11","modified_gmt":"2025-12-21T15:25:11","slug":"ifk-goteborgs-david-vukovic-aktuell-for-sportchefsjobbet-i-vasteras-sk-fotboll","status":"publish","type":"post","link":"https:\/\/www.europesays.com\/se\/112918\/","title":{"rendered":"IFK G\u00f6teborgs David Vukovic aktuell f\u00f6r sportchefsjobbet i V\u00e4ster\u00e5s SK | Fotboll"},"content":{"rendered":"<p>Publicerad 21 dec 2025 kl 14.12<\/p>\n<p>V\u00e4ster\u00e5s SK har haft flera kandidater uppe f\u00f6r diskussion till sportchefsjobbet.<\/p>\n<p>Enligt uppgifter till Expressen \u00e4r IFK G\u00f6teborgs chefsscout David Vukovic h\u00f6gaktuell, d\u00e4r parterna haft kontakt.<\/p>\n<p><img   alt=\"\"\/> <\/p>\n<p>Foto: MICHAEL ERICHSEN \/ BILDBYR\u00c5N<\/p>\n<p>\u00d6ppna bild i helsk\u00e4rm<\/p>\n<p>VSK:s jakt p\u00e5 en sportchef forts\u00e4tter. Expressen kan avsl\u00f6ja att <a href=\"https:\/\/www.expressen.se\/tagg\/organization\/ifk-goteborg\/\" class=\"\" rel=\"nofollow noopener\" target=\"_blank\">IFK G\u00f6teborgs<\/a> chefsscout David Vukovic \u00e4r aktuell f\u00f6r jobbet.\u00a0<\/p>\n<p>Expressen har tidigare avsl\u00f6jat att klubben sedan tidigare haft m\u00f6ten med Landskronas f\u00f6rre <a href=\"https:\/\/www.expressen.se\/sport\/fotboll\/allsvenskan\/allsvenska-kulisserna-malmo-ff-ville-varva-kalle-karlsson\/\" rel=\"nofollow noopener\" target=\"_blank\">sportchef Billy Magnusson<\/a>.\u00a0<\/p>\n<p>Dessutom har klubben \u00e4ven <a href=\"https:\/\/www.expressen.se\/sport\/fotboll\/allsvenskan\/allsvenska-kulisserna-spanska-tranaren-som-aik-diskuterat-internt\/\" rel=\"nofollow noopener\" target=\"_blank\">tr\u00e4ffat Jawad Al Jebour<\/a>. 34-\u00e5ringen har tidigare varit scout f\u00f6r V\u00e4ster\u00e5s, och har \u00e4ven erfarenhet av huvudtr\u00e4naruppdraget i AFC Eskilstuna.<\/p>\n<p>Det \u00e5terst\u00e5r att se vem VSK utser till sportchef. Ett beslut b\u00f6r komma den n\u00e4rmsta tiden.<\/p>\n","protected":false},"excerpt":{"rendered":"Publicerad 21 dec 2025 kl 14.12 V\u00e4ster\u00e5s SK har haft flera kandidater uppe f\u00f6r diskussion till sportchefsjobbet. Enligt&hellip;\n","protected":false},"author":2,"featured_media":112919,"comment_status":"","ping_status":"","sticky":false,"template":"","format":"standard","meta":{"footnotes":""},"categories":[68],"tags":[664,1375,34,129,111,110,31,33,32,30],"class_list":{"0":"post-112918","1":"post","2":"type-post","3":"status-publish","4":"format-standard","5":"has-post-thumbnail","7":"category-sport","8":"tag-organization-ifk-goteborg","9":"tag-organization-vasteras-sk","10":"tag-se","11":"tag-sections-fotboll","12":"tag-sport","13":"tag-sports","14":"tag-svenska","15":"tag-sverige","16":"tag-sweden","17":"tag-swedish"},"share_on_mastodon":{"url":"https:\/\/pubeurope.com\/@se\/115758256824796244","error":""},"_links":{"self":[{"href":"https:\/\/www.europesays.com\/se\/wp-json\/wp\/v2\/posts\/112918","targetHints":{"allow":["GET"]}}],"collection":[{"href":"https:\/\/www.europesays.com\/se\/wp-json\/wp\/v2\/posts"}],"about":[{"href":"https:\/\/www.europesays.com\/se\/wp-json\/wp\/v2\/types\/post"}],"author":[{"embeddable":true,"href":"https:\/\/www.europesays.com\/se\/wp-json\/wp\/v2\/users\/2"}],"replies":[{"embeddable":true,"href":"https:\/\/www.europesays.com\/se\/wp-json\/wp\/v2\/comments?post=112918"}],"version-history":[{"count":0,"href":"https:\/\/www.europesays.com\/se\/wp-json\/wp\/v2\/posts\/112918\/revisions"}],"wp:featuredmedia":[{"embeddable":true,"href":"https:\/\/www.europesays.com\/se\/wp-json\/wp\/v2\/media\/112919"}],"wp:attachment":[{"href":"https:\/\/www.europesays.com\/se\/wp-json\/wp\/v2\/media?parent=112918"}],"wp:term":[{"taxonomy":"category","embeddable":true,"href":"https:\/\/www.europesays.com\/se\/wp-json\/wp\/v2\/categories?post=112918"},{"taxonomy":"post_tag","embeddable":true,"href":"https:\/\/www.europesays.com\/se\/wp-json\/wp\/v2\/tags?post=112918"}],"curies":[{"name":"wp","href":"https:\/\/api.w.org\/{rel}","templated":true}]}}