{"id":112922,"date":"2025-12-21T15:31:39","date_gmt":"2025-12-21T15:31:39","guid":{"rendered":"https:\/\/www.europesays.com\/se\/112922\/"},"modified":"2025-12-21T15:31:39","modified_gmt":"2025-12-21T15:31:39","slug":"polisens-checklista-sa-kan-du-synas-i-morkret-reflexer-kristianstadsbladet","status":"publish","type":"post","link":"https:\/\/www.europesays.com\/se\/112922\/","title":{"rendered":"Polisens checklista \u2013 s\u00e5 kan du synas i m\u00f6rkret: \u201dReflexer\u201d \u2013 Kristianstadsbladet"},"content":{"rendered":"<p>\u00c5rets kortaste dag \u00e4r h\u00e4r. <\/p>\n<p>P\u00e5 s\u00f6ndag 21 december \u00e4r det bara ljust knappt sju timmar i Kristianstad. <\/p>\n<p>Resten av dygnet g\u00e4ller det att ha reflexer s\u00e5 man syns.<\/p>\n<p>\u2013 Man har det egentligen f\u00f6r sin egen skull, s\u00e4ger kommunpolis Martin Thornell.<\/p>\n<p>M\u00f6rkret \u00e4ter upp allt mer av dagarna. P\u00e5 s\u00f6ndag 21 december g\u00e5r solen upp klockan 08.33 och ner klockan 15.29 i Kristianstad. Exakt klockan 16.03 intr\u00e4ffar vintersolst\u00e5ndet. Sedan b\u00f6rjar jorden luta sig mer mot solen och ljuset kommer l\u00e5ngsamt tillbaka.<\/p>\n<p>Tekniskt fel<\/p>\n<p class=\"message__text txt-ui txt-ui-2\">V\u00e4nligen f\u00f6rs\u00f6k igen senare.<\/p>\n<p>Den h\u00e4r artikeln \u00e4r bara f\u00f6r prenumeranter<\/p>\n<p class=\"txt-body txt-body-1\">Om du redan \u00e4r prenumerant: logga in!<\/p>\n","protected":false},"excerpt":{"rendered":"\u00c5rets kortaste dag \u00e4r h\u00e4r. P\u00e5 s\u00f6ndag 21 december \u00e4r det bara ljust knappt sju timmar i Kristianstad.&hellip;\n","protected":false},"author":2,"featured_media":112923,"comment_status":"","ping_status":"","sticky":false,"template":"","format":"standard","meta":{"footnotes":""},"categories":[12],"tags":[22,23,26,27,17,21,24,25,28,29,15,16,18,34,31,33,32,30,19,20],"class_list":{"0":"post-112922","1":"post","2":"type-post","3":"status-publish","4":"format-standard","5":"has-post-thumbnail","7":"category-sverige","8":"tag-breaking-news","9":"tag-breakingnews","10":"tag-featured-news","11":"tag-featurednews","12":"tag-headlines","13":"tag-huvudnyheter","14":"tag-latest-news","15":"tag-latestnews","16":"tag-main-news","17":"tag-mainnews","18":"tag-news","19":"tag-nyheter","20":"tag-rubriker","21":"tag-se","22":"tag-svenska","23":"tag-sverige","24":"tag-sweden","25":"tag-swedish","26":"tag-top-stories","27":"tag-topstories"},"share_on_mastodon":{"url":"https:\/\/pubeurope.com\/@se\/115758280396472567","error":""},"_links":{"self":[{"href":"https:\/\/www.europesays.com\/se\/wp-json\/wp\/v2\/posts\/112922","targetHints":{"allow":["GET"]}}],"collection":[{"href":"https:\/\/www.europesays.com\/se\/wp-json\/wp\/v2\/posts"}],"about":[{"href":"https:\/\/www.europesays.com\/se\/wp-json\/wp\/v2\/types\/post"}],"author":[{"embeddable":true,"href":"https:\/\/www.europesays.com\/se\/wp-json\/wp\/v2\/users\/2"}],"replies":[{"embeddable":true,"href":"https:\/\/www.europesays.com\/se\/wp-json\/wp\/v2\/comments?post=112922"}],"version-history":[{"count":0,"href":"https:\/\/www.europesays.com\/se\/wp-json\/wp\/v2\/posts\/112922\/revisions"}],"wp:featuredmedia":[{"embeddable":true,"href":"https:\/\/www.europesays.com\/se\/wp-json\/wp\/v2\/media\/112923"}],"wp:attachment":[{"href":"https:\/\/www.europesays.com\/se\/wp-json\/wp\/v2\/media?parent=112922"}],"wp:term":[{"taxonomy":"category","embeddable":true,"href":"https:\/\/www.europesays.com\/se\/wp-json\/wp\/v2\/categories?post=112922"},{"taxonomy":"post_tag","embeddable":true,"href":"https:\/\/www.europesays.com\/se\/wp-json\/wp\/v2\/tags?post=112922"}],"curies":[{"name":"wp","href":"https:\/\/api.w.org\/{rel}","templated":true}]}}