{"id":112924,"date":"2025-12-21T15:33:09","date_gmt":"2025-12-21T15:33:09","guid":{"rendered":"https:\/\/www.europesays.com\/se\/112924\/"},"modified":"2025-12-21T15:33:09","modified_gmt":"2025-12-21T15:33:09","slug":"uppgifter-usa-har-bordat-nytt-fartyg-utanfor-venezuelas-kust","status":"publish","type":"post","link":"https:\/\/www.europesays.com\/se\/112924\/","title":{"rendered":"Uppgifter: USA har bordat nytt fartyg utanf\u00f6r Venezuelas kust"},"content":{"rendered":"<p>USA har bordat ett fartyg utanf\u00f6r Venezuelas kust p\u00e5 s\u00f6ndagen, enligt Bloomberg. En liknande h\u00e4ndelse intr\u00e4ffade \u00e4ven under l\u00f6rdagen. <\/p>\n<p>Enligt uppgifterna ska det vara en oljetanker kallad Bella 1 som seglat under Panamaflagg som bordats under s\u00f6ndagen. <\/p>\n<p>New York Times uppger att det fartyg som bordades utanf\u00f6r Venezuelas kust p\u00e5 l\u00f6rdagen ocks\u00e5 seglade under Panamaflagg.<\/p>\n<p>Trump har utropat blockad <\/p>\n<p>Det \u00e4r tredje g\u00e5ngen p\u00e5 tv\u00e5 veckor som ett handelsfartyg stoppats av USA:s milit\u00e4r. L\u00f6rdagens h\u00e4ndelse intr\u00e4ffade efter att president Donald Trump utropat en blockad mot alla oljefartyg som tar sig till eller fr\u00e5n Venezuela.<\/p>\n<p>Vita huset har inte kommenterat h\u00e4ndelsen. <\/p>\n<p>Texten uppdateras. <\/p>\n","protected":false},"excerpt":{"rendered":"USA har bordat ett fartyg utanf\u00f6r Venezuelas kust p\u00e5 s\u00f6ndagen, enligt Bloomberg. En liknande h\u00e4ndelse intr\u00e4ffade \u00e4ven under&hellip;\n","protected":false},"author":2,"featured_media":793,"comment_status":"","ping_status":"","sticky":false,"template":"","format":"standard","meta":{"footnotes":""},"categories":[5],"tags":[22,23,26,27,17,21,24,25,28,29,15,16,18,34,31,33,32,30,19,20],"class_list":{"0":"post-112924","1":"post","2":"type-post","3":"status-publish","4":"format-standard","5":"has-post-thumbnail","7":"category-rubriker","8":"tag-breaking-news","9":"tag-breakingnews","10":"tag-featured-news","11":"tag-featurednews","12":"tag-headlines","13":"tag-huvudnyheter","14":"tag-latest-news","15":"tag-latestnews","16":"tag-main-news","17":"tag-mainnews","18":"tag-news","19":"tag-nyheter","20":"tag-rubriker","21":"tag-se","22":"tag-svenska","23":"tag-sverige","24":"tag-sweden","25":"tag-swedish","26":"tag-top-stories","27":"tag-topstories"},"share_on_mastodon":{"url":"https:\/\/pubeurope.com\/@se\/115758288273591273","error":""},"_links":{"self":[{"href":"https:\/\/www.europesays.com\/se\/wp-json\/wp\/v2\/posts\/112924","targetHints":{"allow":["GET"]}}],"collection":[{"href":"https:\/\/www.europesays.com\/se\/wp-json\/wp\/v2\/posts"}],"about":[{"href":"https:\/\/www.europesays.com\/se\/wp-json\/wp\/v2\/types\/post"}],"author":[{"embeddable":true,"href":"https:\/\/www.europesays.com\/se\/wp-json\/wp\/v2\/users\/2"}],"replies":[{"embeddable":true,"href":"https:\/\/www.europesays.com\/se\/wp-json\/wp\/v2\/comments?post=112924"}],"version-history":[{"count":0,"href":"https:\/\/www.europesays.com\/se\/wp-json\/wp\/v2\/posts\/112924\/revisions"}],"wp:featuredmedia":[{"embeddable":true,"href":"https:\/\/www.europesays.com\/se\/wp-json\/wp\/v2\/media\/793"}],"wp:attachment":[{"href":"https:\/\/www.europesays.com\/se\/wp-json\/wp\/v2\/media?parent=112924"}],"wp:term":[{"taxonomy":"category","embeddable":true,"href":"https:\/\/www.europesays.com\/se\/wp-json\/wp\/v2\/categories?post=112924"},{"taxonomy":"post_tag","embeddable":true,"href":"https:\/\/www.europesays.com\/se\/wp-json\/wp\/v2\/tags?post=112924"}],"curies":[{"name":"wp","href":"https:\/\/api.w.org\/{rel}","templated":true}]}}