{"id":112931,"date":"2025-12-21T15:41:07","date_gmt":"2025-12-21T15:41:07","guid":{"rendered":"https:\/\/www.europesays.com\/se\/112931\/"},"modified":"2025-12-21T15:41:07","modified_gmt":"2025-12-21T15:41:07","slug":"just-nu-nu-vander-det-dagarna-blir-langre-och-ljuset-kommer-ater-nwt","status":"publish","type":"post","link":"https:\/\/www.europesays.com\/se\/112931\/","title":{"rendered":"JUST NU: Nu v\u00e4nder det \u2013 dagarna blir l\u00e4ngre och ljuset kommer \u00e5ter &#8211; NWT"},"content":{"rendered":"<ol>\n<li><a href=\"https:\/\/news.google.com\/rss\/articles\/CBMimAFBVV95cUxNclRYZWNCY1lyRDd6WFlNYnFxRHNIVThXcFpPMFJuTXpKUDVNZWxIZXpqUVdsS1hQYzhMckpwbmg3azQ1VGRpQk1Ydk1PVjBTV29aT3Q2WEFlMzA4dnBNRVJ1SFhwdUF1UkVqNlBqSTdVT3BEcWRCVTYxcWVZNENINTZxek1jclRRZ0puNkMwdXlVUU5WS1F2Zg?oc=5\" target=\"_blank\" rel=\"nofollow noopener\">JUST NU: Nu v\u00e4nder det \u2013 dagarna blir l\u00e4ngre och ljuset kommer \u00e5ter<\/a>&nbsp;&nbsp;NWT<\/li>\n<li><a href=\"https:\/\/news.google.com\/rss\/articles\/CBMifkFVX3lxTE9YUlIwVS03N3ZmSmd5aUZkeWhLU1pKYWtFSHYxZ0hqVG5IcHpRR3BzVTFOU2VqYUhvNVMteWNrQWVrYUhmVUx4U1FXMVBfZGlGcU1fNFFvUWJUYlRsOGcyUFB5elVTUEYzZVhfYnM5ZTJhdy0tSHpVVWYxNjdjZw?oc=5\" target=\"_blank\" rel=\"nofollow noopener\">Ljusare nu: G\u00e5r mot ljusare tider<\/a>&nbsp;&nbsp;Aftonbladet<\/li>\n<li><a href=\"https:\/\/news.google.com\/rss\/articles\/CBMigAFBVV95cUxNWGlDMHNTTU1STFJSclBXRjRpZ1ZZZGszWkQwdGlnSDQxUloxMl9pUzgwWVJrTzlSVkVfX2UzdERvaXEtaFhhazJMN1ZOS3VLeXd0MVIzWW5ZZ2xDd094Z0o1bW9CWDZHRWJjY01EQ1VLN1ZoXzg3NGFsNG04V2FRMw?oc=5\" target=\"_blank\" rel=\"nofollow noopener\">Sol i hela Sverige \u2013 p\u00e5 \u00e5rets m\u00f6rkaste dag<\/a>&nbsp;&nbsp;SVT Nyheter<\/li>\n<li><a href=\"https:\/\/news.google.com\/rss\/articles\/CBMiekFVX3lxTE1tY1A0Y3RMVUlfSUFPcS1jVGM3ek9RNUk3UENPZ0h5b2xoRk42V1dMbWZJQ01CN1pNMHB4YV9oN25lM1Z1eWRCOE1IYUFXV2hNWW5aSXFEYlpPcS1jWVNVWC04MWpzMExxTWVEQ25xdVB6aEttMnNTdE1R?oc=5\" target=\"_blank\" rel=\"nofollow noopener\">Exakt d\u00e5 v\u00e4nder det \u2013 detta \u00e4r vintersolst\u00e5ndet<\/a>&nbsp;&nbsp;Omni<\/li>\n<li><a href=\"https:\/\/news.google.com\/rss\/articles\/CBMivAFBVV95cUxNWFRhUE9NMlVtS0ptNzkxZm9UVkZPTzV1R096dXV2Nmx0ZzJSTlY4bk44WnhjamNJVUgyZUtuakUzQ283dGgtSU1IdkxYOXlKZDEzSGIxM3AxVXRRSjNfcDFSX0E2cENxaE1Sd3U4VDN6NEFXVE1fYjBZYkVhWXI4dmV5TzBhV0FBZWNKMFRuaVIyTTRyNm1mWVd3YWNWU0VRR1VnRDMtckhVaDRQeUlMV0lOVTRwa05rMTBlcQ?oc=5\" target=\"_blank\" rel=\"nofollow noopener\">Sluta extrasova: H\u00e4r \u00e4r b\u00e4ttre strategier i m\u00f6rkret<\/a>&nbsp;&nbsp;V\u00e4sterbottens-Kuriren<\/li>\n<\/ol>\n","protected":false},"excerpt":{"rendered":"JUST NU: Nu v\u00e4nder det \u2013 dagarna blir l\u00e4ngre och ljuset kommer \u00e5ter&nbsp;&nbsp;NWT Ljusare nu: G\u00e5r mot ljusare&hellip;\n","protected":false},"author":2,"featured_media":112932,"comment_status":"","ping_status":"","sticky":false,"template":"","format":"standard","meta":{"footnotes":""},"categories":[5],"tags":[22,23,26,27,17,21,24,25,28,29,15,16,18,34,31,33,32,30,19,20],"class_list":{"0":"post-112931","1":"post","2":"type-post","3":"status-publish","4":"format-standard","5":"has-post-thumbnail","7":"category-rubriker","8":"tag-breaking-news","9":"tag-breakingnews","10":"tag-featured-news","11":"tag-featurednews","12":"tag-headlines","13":"tag-huvudnyheter","14":"tag-latest-news","15":"tag-latestnews","16":"tag-main-news","17":"tag-mainnews","18":"tag-news","19":"tag-nyheter","20":"tag-rubriker","21":"tag-se","22":"tag-svenska","23":"tag-sverige","24":"tag-sweden","25":"tag-swedish","26":"tag-top-stories","27":"tag-topstories"},"share_on_mastodon":{"url":"https:\/\/pubeurope.com\/@se\/115758319710449740","error":""},"_links":{"self":[{"href":"https:\/\/www.europesays.com\/se\/wp-json\/wp\/v2\/posts\/112931","targetHints":{"allow":["GET"]}}],"collection":[{"href":"https:\/\/www.europesays.com\/se\/wp-json\/wp\/v2\/posts"}],"about":[{"href":"https:\/\/www.europesays.com\/se\/wp-json\/wp\/v2\/types\/post"}],"author":[{"embeddable":true,"href":"https:\/\/www.europesays.com\/se\/wp-json\/wp\/v2\/users\/2"}],"replies":[{"embeddable":true,"href":"https:\/\/www.europesays.com\/se\/wp-json\/wp\/v2\/comments?post=112931"}],"version-history":[{"count":0,"href":"https:\/\/www.europesays.com\/se\/wp-json\/wp\/v2\/posts\/112931\/revisions"}],"wp:featuredmedia":[{"embeddable":true,"href":"https:\/\/www.europesays.com\/se\/wp-json\/wp\/v2\/media\/112932"}],"wp:attachment":[{"href":"https:\/\/www.europesays.com\/se\/wp-json\/wp\/v2\/media?parent=112931"}],"wp:term":[{"taxonomy":"category","embeddable":true,"href":"https:\/\/www.europesays.com\/se\/wp-json\/wp\/v2\/categories?post=112931"},{"taxonomy":"post_tag","embeddable":true,"href":"https:\/\/www.europesays.com\/se\/wp-json\/wp\/v2\/tags?post=112931"}],"curies":[{"name":"wp","href":"https:\/\/api.w.org\/{rel}","templated":true}]}}