{"id":112938,"date":"2025-12-21T15:48:30","date_gmt":"2025-12-21T15:48:30","guid":{"rendered":"https:\/\/www.europesays.com\/se\/112938\/"},"modified":"2025-12-21T15:48:30","modified_gmt":"2025-12-21T15:48:30","slug":"varfor-ar-inte-alla-lika-varda-pa-jacobsskolan-kristianstadsbladet","status":"publish","type":"post","link":"https:\/\/www.europesays.com\/se\/112938\/","title":{"rendered":"Varf\u00f6r \u00e4r inte alla lika v\u00e4rda p\u00e5 Jacobsskolan? \u2013 Kristianstadsbladet"},"content":{"rendered":"<p>Visst \u00e4r det fint att uppm\u00e4rksamma de anst\u00e4llda f\u00f6r deras insatser under terminen, men n\u00e4r vissa grupper systematiskt exkluderas blir det sv\u00e5rt att f\u00f6rst\u00e5 hur skolans v\u00e4rderingar ser ut i praktiken.<br \/>Personalen bjuds p\u00e5 ett enklare julbord som tack f\u00f6r allt gott de gjort under terminen.<br \/>Mycket bra och heder till skolan.<br \/>Det \u00e4r bara det att inte all personal \u00e4r v\u00e4lkomna. Jacobsskolan g\u00f6r allts\u00e5 skillnad p\u00e5 personal och personal. <\/p>\n<p>\u00c4r du l\u00e4rare, elevst\u00f6djare, studiehandledare eller annan yrkeskategori inom det pedagogiska arbetet s\u00e5 \u00e4r du v\u00e4lkommen.<br \/>Men arbetar du som servicepersonal i kaf\u00e9et s\u00e5 finns det ingen uppskattning \u00f6ver f\u00f6r dem. Jacobsskolans kaf\u00e9 bemannas och sk\u00f6ts av omsorgen. Personalen best\u00e5r av personer som arbetar inom daglig verksamhet och som av ledningsgruppen allts\u00e5 inte anses vara v\u00e4rd ett julbord som alla andra inom skolan blir bjudna p\u00e5.<br \/>Hur kan vi prata om gemenskap, inkludering och respekt p\u00e5 v\u00e5ra arbetsplatser om vi samtidigt visar vissa kollegor att de \u00e4r mindre v\u00e4rda? Servicepersonalen i kaf\u00e9et bidrar dagligen till skolans verksamhet och borde sj\u00e4lvklart k\u00e4nna sig lika uppskattad som alla andra. Det \u00e4r dags f\u00f6r Jacobsskolan att se \u00f6ver sin v\u00e4rdegrund och visa att man st\u00e5r f\u00f6r allas lika v\u00e4rde \u2013 inte bara i ord, utan i handling. Regler \u00e4r ibland till f\u00f6r att brytas. Skam \u00e4r det ord som passar in h\u00e4r!<\/p>\n<p><strong>Christel Lindqvist<\/strong><\/p>\n<p>fd yrkesv\u00e4gledare Norr\u00e4ngsskolan<\/p>\n<p class=\"article__blockquote-text txt-headline txt-headline-3\">Men arbetar du som servicepersonal i kaf\u00e9et s\u00e5 finns det ingen uppskattning \u00f6ver f\u00f6r dem<\/p>\n","protected":false},"excerpt":{"rendered":"Visst \u00e4r det fint att uppm\u00e4rksamma de anst\u00e4llda f\u00f6r deras insatser under terminen, men n\u00e4r vissa grupper systematiskt&hellip;\n","protected":false},"author":2,"featured_media":112939,"comment_status":"","ping_status":"","sticky":false,"template":"","format":"standard","meta":{"footnotes":""},"categories":[12],"tags":[22,23,26,27,17,21,24,25,28,29,15,16,18,34,31,33,32,30,19,20],"class_list":{"0":"post-112938","1":"post","2":"type-post","3":"status-publish","4":"format-standard","5":"has-post-thumbnail","7":"category-sverige","8":"tag-breaking-news","9":"tag-breakingnews","10":"tag-featured-news","11":"tag-featurednews","12":"tag-headlines","13":"tag-huvudnyheter","14":"tag-latest-news","15":"tag-latestnews","16":"tag-main-news","17":"tag-mainnews","18":"tag-news","19":"tag-nyheter","20":"tag-rubriker","21":"tag-se","22":"tag-svenska","23":"tag-sverige","24":"tag-sweden","25":"tag-swedish","26":"tag-top-stories","27":"tag-topstories"},"share_on_mastodon":{"url":"https:\/\/pubeurope.com\/@se\/115758347327781540","error":""},"_links":{"self":[{"href":"https:\/\/www.europesays.com\/se\/wp-json\/wp\/v2\/posts\/112938","targetHints":{"allow":["GET"]}}],"collection":[{"href":"https:\/\/www.europesays.com\/se\/wp-json\/wp\/v2\/posts"}],"about":[{"href":"https:\/\/www.europesays.com\/se\/wp-json\/wp\/v2\/types\/post"}],"author":[{"embeddable":true,"href":"https:\/\/www.europesays.com\/se\/wp-json\/wp\/v2\/users\/2"}],"replies":[{"embeddable":true,"href":"https:\/\/www.europesays.com\/se\/wp-json\/wp\/v2\/comments?post=112938"}],"version-history":[{"count":0,"href":"https:\/\/www.europesays.com\/se\/wp-json\/wp\/v2\/posts\/112938\/revisions"}],"wp:featuredmedia":[{"embeddable":true,"href":"https:\/\/www.europesays.com\/se\/wp-json\/wp\/v2\/media\/112939"}],"wp:attachment":[{"href":"https:\/\/www.europesays.com\/se\/wp-json\/wp\/v2\/media?parent=112938"}],"wp:term":[{"taxonomy":"category","embeddable":true,"href":"https:\/\/www.europesays.com\/se\/wp-json\/wp\/v2\/categories?post=112938"},{"taxonomy":"post_tag","embeddable":true,"href":"https:\/\/www.europesays.com\/se\/wp-json\/wp\/v2\/tags?post=112938"}],"curies":[{"name":"wp","href":"https:\/\/api.w.org\/{rel}","templated":true}]}}