{"id":112943,"date":"2025-12-21T15:52:49","date_gmt":"2025-12-21T15:52:49","guid":{"rendered":"https:\/\/www.europesays.com\/se\/112943\/"},"modified":"2025-12-21T15:52:49","modified_gmt":"2025-12-21T15:52:49","slug":"sofia-mirjamsdotter-vem-tar-ansvar-for-ryktesspridningen-vasterbottens-kuriren","status":"publish","type":"post","link":"https:\/\/www.europesays.com\/se\/112943\/","title":{"rendered":"Sofia Mirjamsdotter: Vem tar ansvar f\u00f6r ryktesspridningen? &#8211; V\u00e4sterbottens-Kuriren"},"content":{"rendered":"<ol>\n<li><a href=\"https:\/\/news.google.com\/rss\/articles\/CBMijgFBVV95cUxOVlAzbm1ZYXRUV3RZYVRVRXA0bWg1M0YySmZMbnptWllUalZqTXBqSjZtUnYxb1M0WkpSZC11NHduZXdvLXFWUlhoVktUUUc3M2ZvZjlxUkNlbDRXM1NMRnBLY3Ftb1NkdlAyQ1lVQVdFYXFiNFgtaS1EMWFoRFQyQVlrZjZ1Z19yX2JMQTRB?oc=5\" target=\"_blank\" rel=\"nofollow noopener\">Sofia Mirjamsdotter: Vem tar ansvar f\u00f6r ryktesspridningen?<\/a>&nbsp;&nbsp;V\u00e4sterbottens-Kuriren<\/li>\n<li><a href=\"https:\/\/news.google.com\/rss\/articles\/CBMivAFBVV95cUxPUDlaaWNfSGpBbWo5bk96MDZJVlkxU1ViRmtUcWdiczczVFdFYnhJNjgxbE9YallnWW1rNHk4bkFFbjFobVVRWE91bVV3MVdPSkF1RFF4Y3hfdGlBNy1Id0hVc1BjLVk5YzNaVmIxVTRzdmVGTlppSklDeEd6N1dTcXBHeWJVT296UWxFV2tUeGFheFdyNmNYeGthMkQxR0xGaTJEVEg4R1BRa3RlenM1aHd1aEtLc010T0hPLQ?oc=5\" target=\"_blank\" rel=\"nofollow noopener\">Kultursidorna missar po\u00e4ngen med Lundell<\/a>&nbsp;&nbsp;Aftonbladet<\/li>\n<li><a href=\"https:\/\/news.google.com\/rss\/articles\/CBMioAFBVV95cUxPVUR5U2hrTEpOUHdrQ1NySnlJQXFhbXFKa1RQRGlZQ1FxSUhsR2hoX1VVOC1mMXIzSmRRazhtTU41THFvN25MVE40UDhNY2xYR3V6QjVNT19zczBtYUpCdGF4WWM2YktLX1o3TDl4QWpIQjBYLUVMaDFyTV8tOWhvdTA3cU9NZFJXcTM3SlUxd19HOGtMSnVGZXFEMzB3NnVE?oc=5\" target=\"_blank\" rel=\"nofollow noopener\">Linnea Lundstr\u00f6ms mamma talar ut efter Lundell-dokument\u00e4ren<\/a>&nbsp;&nbsp;SVT Nyheter<\/li>\n<li><a href=\"https:\/\/news.google.com\/rss\/articles\/CBMijgFBVV95cUxOb3d5aUd4bFFRQWVBZTRydkpfdUZxcmtydVBxaTJ0dzVMLWhCN21yV0ktVDhCUno2b3E0Vm1pM2NGeUpZV3RFRFVWaUY5aUxfRkFleGE4Wjl3R0xpZjVtZDRhR3FpdDBjdWNoUUc3dk51cF8zU05OQnVJdmhYTXREUlBYTGpqaVN6NFk1bWhB?oc=5\" target=\"_blank\" rel=\"nofollow noopener\">VICTOR MALM: Joakim Lundell var inget heligt undantag<\/a>&nbsp;&nbsp;Expressen<\/li>\n<li><a href=\"https:\/\/news.google.com\/rss\/articles\/CBMikAFBVV95cUxQT3ZydmlYcmVxcHZmYzJpNGY5V0x5QzRBTkwyTHdDVkdSOThKQi1vdEh4UzlPd0hQZWZWbnRoZEVsVUdPdFBIRWltbFZ6T0dLOTJvNGRRT2laM0lZZXFyRFRXZ0l6QUNoTTBJTTZFZTZIVldkVTdoUDkzLXV1Ql9rZ1lrbjVwWC12Wm5Kc1VCaFE?oc=5\" target=\"_blank\" rel=\"nofollow noopener\">Bo-G\u00f6ran Bodin om Hatet \u2013 \u201dBesviken p\u00e5 den egna k\u00e5ren\u201d<\/a>&nbsp;&nbsp;Journalisten<\/li>\n<\/ol>\n","protected":false},"excerpt":{"rendered":"Sofia Mirjamsdotter: Vem tar ansvar f\u00f6r ryktesspridningen?&nbsp;&nbsp;V\u00e4sterbottens-Kuriren Kultursidorna missar po\u00e4ngen med Lundell&nbsp;&nbsp;Aftonbladet Linnea Lundstr\u00f6ms mamma talar ut efter&hellip;\n","protected":false},"author":2,"featured_media":112944,"comment_status":"","ping_status":"","sticky":false,"template":"","format":"standard","meta":{"footnotes":""},"categories":[67],"tags":[104,34,31,33,32,30,105],"class_list":{"0":"post-112943","1":"post","2":"type-post","3":"status-publish","4":"format-standard","5":"has-post-thumbnail","7":"category-underhallning","8":"tag-entertainment","9":"tag-se","10":"tag-svenska","11":"tag-sverige","12":"tag-sweden","13":"tag-swedish","14":"tag-underhallning"},"share_on_mastodon":{"url":"https:\/\/pubeurope.com\/@se\/115758366928243874","error":""},"_links":{"self":[{"href":"https:\/\/www.europesays.com\/se\/wp-json\/wp\/v2\/posts\/112943","targetHints":{"allow":["GET"]}}],"collection":[{"href":"https:\/\/www.europesays.com\/se\/wp-json\/wp\/v2\/posts"}],"about":[{"href":"https:\/\/www.europesays.com\/se\/wp-json\/wp\/v2\/types\/post"}],"author":[{"embeddable":true,"href":"https:\/\/www.europesays.com\/se\/wp-json\/wp\/v2\/users\/2"}],"replies":[{"embeddable":true,"href":"https:\/\/www.europesays.com\/se\/wp-json\/wp\/v2\/comments?post=112943"}],"version-history":[{"count":0,"href":"https:\/\/www.europesays.com\/se\/wp-json\/wp\/v2\/posts\/112943\/revisions"}],"wp:featuredmedia":[{"embeddable":true,"href":"https:\/\/www.europesays.com\/se\/wp-json\/wp\/v2\/media\/112944"}],"wp:attachment":[{"href":"https:\/\/www.europesays.com\/se\/wp-json\/wp\/v2\/media?parent=112943"}],"wp:term":[{"taxonomy":"category","embeddable":true,"href":"https:\/\/www.europesays.com\/se\/wp-json\/wp\/v2\/categories?post=112943"},{"taxonomy":"post_tag","embeddable":true,"href":"https:\/\/www.europesays.com\/se\/wp-json\/wp\/v2\/tags?post=112943"}],"curies":[{"name":"wp","href":"https:\/\/api.w.org\/{rel}","templated":true}]}}