{"id":112946,"date":"2025-12-21T15:56:10","date_gmt":"2025-12-21T15:56:10","guid":{"rendered":"https:\/\/www.europesays.com\/se\/112946\/"},"modified":"2025-12-21T15:56:10","modified_gmt":"2025-12-21T15:56:10","slug":"ny-majoritet-i-forsamlingen-sa-mycket-sanks-arvodena","status":"publish","type":"post","link":"https:\/\/www.europesays.com\/se\/112946\/","title":{"rendered":"Ny majoritet i f\u00f6rsamlingen \u2013 s\u00e5 mycket s\u00e4nks arvodena"},"content":{"rendered":"<p class=\"fraga\">\u00d6stermalm<\/p>\n<p class=\"text\">Efter valet till kyrkofullm\u00e4ktige i nybildade Hedvig Eleonora och Oscars f\u00f6rsamling p\u00e5 \u00d6stermalm stod det klart att det skett en stor omf\u00f6rdelning av mandaten.<\/p>\n<p class=\"text\">Fisk (Fria liberaler i Svenska kyrkan) \u00f6kade stort, medan BKS (Borgerlig kristen samverkan) minskade avsev\u00e4rt. <\/p>\n<p class=\"text\">Det dr\u00f6jde dock till mitten av december innan det stod klart vilka som bildar den nya majoriteten. Den koalition som kommer att leda f\u00f6rsamlingens arbete de n\u00e4rmaste \u00e5ren best\u00e5r av BKS, Sverigedemokraterna, Centerpartiet och Frimodig kyrka. Tillsammans f\u00e5r de 18 av 35 mandat i kyrkofullm\u00e4ktige.<\/p>\n<p class=\"text\">&#8221;Arbetet med sammanl\u00e4ggningen under kyrkoherde Sven Milltofts ledning har g\u00e5tt mycket bra och f\u00f6ruts\u00e4ttningarna f\u00f6r att det fortsatt ska g\u00e5 bra under den kommande mandatperioden \u00e4r mycket goda med v\u00e5r majoritet&#8221;, skriver Annette Lundquist Larsson (BKS), ordf\u00f6rande i kyrkor\u00e5det.<\/p>\n<p><img decoding=\"async\" class=\"Image Image_\" src=\"\" data-aghref=\"http:\/\/www.mitti.se\/image-3.291987.270228.20251221141327.66eca21ff3\" data-agimagetype=\"hardcrop\" alt=\"Hedvig Eleonora kyrka p\u00e5 \u00d6stermalm.\"\/><\/p>\n<p class=\"Caption\">Hedvig Eleonora kyrka p\u00e5 \u00d6stermalm.<\/p>\n<p class=\"Source\">Angie Gray\/Arkivbild<\/p>\n<p>Arvoden p\u00e5verkade valet<\/p>\n<p class=\"text\">En av de stora fr\u00e5gorna inf\u00f6r valet var niv\u00e5n p\u00e5 arvoden till f\u00f6rtroendevalda i Oscars f\u00f6rsamling. Efter\u00e5t uppgav b\u00e5da sidor att <a target=\"_blank\" rel=\"noopener nofollow\" href=\"https:\/\/www.mitti.se\/nyheter\/rasade-i-kyrkovalet-efter-strid-om-hoga-arvoden-6.3.319237.fa49cd40e4\">de trodde att detta p\u00e5verkat valresultatet<\/a>.<\/p>\n<p class=\"text\">Den nya f\u00f6rsamlingen avs\u00e4tter 550 000 kronor till arvoden under 2026. <\/p>\n<p class=\"text\">&#8221;Det \u00e4r en halvering av de sammanlagda arvodena i Hedvig och Oscars, en niv\u00e5 som vi har funnit rimlig f\u00f6r 2026&#8221;, skriver Annette Lundquist Larsson.<\/p>\n<p class=\"text\">Men det \u00e4r fortfarande <a target=\"_blank\" rel=\"noopener nofollow\" href=\"https:\/\/www.mitti.se\/nyheter\/arvoden-splittrar-kyrkan--har-roffat-at-sig-6.19.314427.876942c729\">en bra bit \u00f6ver de 20 000 kronor<\/a> som Hedvig Eleonora, enligt Kyrkans Tidning, budgeterade f\u00f6r, konstaterar Rolf Eriksson (Fisk). <\/p>\n<p class=\"text\">\u2013 Vi och Socialdemokraterna f\u00f6reslog en s\u00e4nkning till 400 000 kronor. Men det \u00e4r bara att forts\u00e4tta driva p\u00e5 i opposition, vi har st\u00e4rkt v\u00e5r position.<\/p>\n<p class=\"faktarubrik\">F\u00f6rdelning i kyrkofullm\u00e4ktige i Hedvig Eleonora och Oscars f\u00f6rsamling<\/p>\n<p class=\"fakta\">Nomineringsgrupp\t\t\t\t\t\t\t\t\t\tMandat\t<\/p>\n<p class=\"fakta\">Arbetarepartiet &#8211; Socialdemokraterna \t\t\t5\t \t \t <\/p>\n<p class=\"fakta\">Borgerlig kristen samverkan \t\t\t\t\t\t\t14\t \t \t <\/p>\n<p class=\"fakta\">Centerpartiet \t\t\t\t\t\t\t\t\t\t\t\t\t1\t \t \t \t<\/p>\n<p class=\"fakta\">De Gr\u00f6na i Svenska kyrkan \t\t\t\t\t\t\t2\t \t \t <\/p>\n<p class=\"fakta\">Fria liberaler i Svenska kyrkan \t\t\t\t\t\t9\t \t \t <\/p>\n<p class=\"fakta\">Frimodig kyrka \t\t\t\t\t\t\t\t\t\t\t\t1\t \t \t <\/p>\n<p class=\"fakta\">Sverigedemokrater i Svenska kyrkan \t\t\t2\t \t \t <\/p>\n<p class=\"fakta\">V\u00e4nstern i Svenska kyrkan \t\t\t\t\t\t\t1\t<\/p>\n<p class=\"faktakalla\">K\u00e4lla: Svenska kyrkan<\/p>\n<p>Centern styr med SD<\/p>\n<p class=\"text\">Centerpartiets medverkan i den nya majoritetsbildningen har f\u00e5tt oppositionen att h\u00f6ja p\u00e5 \u00f6gonbrynen. P\u00e5 riksniv\u00e5 har Centerpartiet en r\u00f6d linje mot SD, och centerns nya partiledare Elisabeth Thand Ringqvist <a target=\"_blank\" rel=\"noopener nofollow\" href=\"https:\/\/www.svt.se\/nyheter\/inrikes\/bjuder-in-andersson-och-kristersson-sd-ska-stoppas\">st\u00e4llde f\u00f6ljande ultimatum<\/a> i sitt installationstal i november, rapporterade SVT: <\/p>\n<p class=\"citat\">Att SD r\u00e5kar vara d\u00e4r kan jag inte st\u00e5 till svars f\u00f6r. <\/p>\n<p class=\"text\">&#8221;Om Centerpartiet och Moderaterna ska kunna samarbeta igen, d\u00e5 beh\u00f6ver Ulf Kristersson sl\u00e4ppa sitt beroende av Sverigedemokraterna&#8221;.<\/p>\n<p class=\"text\">Ellinor Moberg, samordnare f\u00f6r Centerpartiets kyrkon\u00e4tverk, s\u00e4ger till Mitt i att C har anslutit sig till den borgerliga sidan i Hedvig Eleonora och Oscars f\u00f6r att fr\u00e4mja en positiv utveckling av f\u00f6rsamlingen.<\/p>\n<p class=\"text\">\u2013 Det viktigaste \u00e4r att vi har kompetenta f\u00f6rtroendevalda. Att SD r\u00e5kar vara med d\u00e4r, det kan jag inte st\u00e5 till svars f\u00f6r. Rikspolitiken \u00e4r en sak, det h\u00e4r \u00e4r andra fr\u00e5gor.<\/p>\n<p class=\"text\">Nytt \u00e4r ocks\u00e5 att V\u00e4nsterpartiet och De Gr\u00f6na har kommit in i fullm\u00e4ktige, och har f\u00e5tt ett respektive tv\u00e5 mandat.<\/p>\n","protected":false},"excerpt":{"rendered":"\u00d6stermalm Efter valet till kyrkofullm\u00e4ktige i nybildade Hedvig Eleonora och Oscars f\u00f6rsamling p\u00e5 \u00d6stermalm stod det klart att&hellip;\n","protected":false},"author":2,"featured_media":112947,"comment_status":"","ping_status":"","sticky":false,"template":"","format":"standard","meta":{"footnotes":""},"categories":[12],"tags":[22,23,26,27,17,21,24,25,28,29,15,16,18,34,31,33,32,30,19,20],"class_list":{"0":"post-112946","1":"post","2":"type-post","3":"status-publish","4":"format-standard","5":"has-post-thumbnail","7":"category-sverige","8":"tag-breaking-news","9":"tag-breakingnews","10":"tag-featured-news","11":"tag-featurednews","12":"tag-headlines","13":"tag-huvudnyheter","14":"tag-latest-news","15":"tag-latestnews","16":"tag-main-news","17":"tag-mainnews","18":"tag-news","19":"tag-nyheter","20":"tag-rubriker","21":"tag-se","22":"tag-svenska","23":"tag-sverige","24":"tag-sweden","25":"tag-swedish","26":"tag-top-stories","27":"tag-topstories"},"share_on_mastodon":{"url":"https:\/\/pubeurope.com\/@se\/115758378838515349","error":""},"_links":{"self":[{"href":"https:\/\/www.europesays.com\/se\/wp-json\/wp\/v2\/posts\/112946","targetHints":{"allow":["GET"]}}],"collection":[{"href":"https:\/\/www.europesays.com\/se\/wp-json\/wp\/v2\/posts"}],"about":[{"href":"https:\/\/www.europesays.com\/se\/wp-json\/wp\/v2\/types\/post"}],"author":[{"embeddable":true,"href":"https:\/\/www.europesays.com\/se\/wp-json\/wp\/v2\/users\/2"}],"replies":[{"embeddable":true,"href":"https:\/\/www.europesays.com\/se\/wp-json\/wp\/v2\/comments?post=112946"}],"version-history":[{"count":0,"href":"https:\/\/www.europesays.com\/se\/wp-json\/wp\/v2\/posts\/112946\/revisions"}],"wp:featuredmedia":[{"embeddable":true,"href":"https:\/\/www.europesays.com\/se\/wp-json\/wp\/v2\/media\/112947"}],"wp:attachment":[{"href":"https:\/\/www.europesays.com\/se\/wp-json\/wp\/v2\/media?parent=112946"}],"wp:term":[{"taxonomy":"category","embeddable":true,"href":"https:\/\/www.europesays.com\/se\/wp-json\/wp\/v2\/categories?post=112946"},{"taxonomy":"post_tag","embeddable":true,"href":"https:\/\/www.europesays.com\/se\/wp-json\/wp\/v2\/tags?post=112946"}],"curies":[{"name":"wp","href":"https:\/\/api.w.org\/{rel}","templated":true}]}}