{"id":112954,"date":"2025-12-21T16:08:34","date_gmt":"2025-12-21T16:08:34","guid":{"rendered":"https:\/\/www.europesays.com\/se\/112954\/"},"modified":"2025-12-21T16:08:34","modified_gmt":"2025-12-21T16:08:34","slug":"misstankt-foremal-i-halmstad-ofarligt","status":"publish","type":"post","link":"https:\/\/www.europesays.com\/se\/112954\/","title":{"rendered":"Misst\u00e4nkt f\u00f6rem\u00e5l i Halmstad ofarligt"},"content":{"rendered":"<p class=\"boxtextgrotesk-root_baa6 hyperion-css-7pajle\">Publicerad 2025-12-20 15.44<\/p>\n<p>share-arrowDela<\/p>\n<p>unsaveSpara<\/p>\n<p>expand-left<\/p>\n<p>helsk\u00e4rm<img decoding=\"async\" class=\"image-asset hyperion-css-u06ts1\" data-test-tag=\"image-asset\" src=\"https:\/\/www.europesays.com\/se\/wp-content\/uploads\/2025\/12\/31b7e32e-3d8f-4aab-bd7c-4f7d200b480e\"  alt=\"Ett omr\u00e5de sp\u00e4rrades av i centrala Halmstad men det misst\u00e4nkta f\u00f6rem\u00e5let visade sig vara ofarligt. Arkivbild.\"  loading=\"eager\" fetchpriority=\"high\" style=\"aspect-ratio:1900 \/ 1267\"\/>Ett omr\u00e5de sp\u00e4rrades av i centrala Halmstad men det misst\u00e4nkta f\u00f6rem\u00e5let visade sig vara ofarligt. Arkivbild. Foto: Pontus Orre\/TT<\/p>\n<p class=\"hyperion-css-1v9qo5x\">Ett misst\u00e4nkt farligt f\u00f6rem\u00e5l hittades p\u00e5 en \u00e5tervinningscentral i centrala Halmstad och platsen sp\u00e4rrades av.<\/p>\n<p class=\"hyperion-css-1v9qo5x\">Nationella bombskyddet bed\u00f6mde sedan f\u00f6rem\u00e5let, som visade sig vara ett reservbatteri, som ofarligt.<\/p>\n<p class=\"hyperion-css-1v9qo5x\">Enligt polisen kom larmet kom fr\u00e5n en person ur allm\u00e4nheten som sett f\u00f6rem\u00e5let.<\/p>\n<p class=\"hyperion-css-1v9qo5x\">Larmet kom klockan 15.04 och ungef\u00e4r en timme senare bl\u00e5stes insatsen av.<\/p>\n","protected":false},"excerpt":{"rendered":"Publicerad 2025-12-20 15.44 share-arrowDela unsaveSpara expand-left helsk\u00e4rmEtt omr\u00e5de sp\u00e4rrades av i centrala Halmstad men det misst\u00e4nkta f\u00f6rem\u00e5let visade&hellip;\n","protected":false},"author":2,"featured_media":112955,"comment_status":"","ping_status":"","sticky":false,"template":"","format":"standard","meta":{"footnotes":""},"categories":[12],"tags":[22,23,26,27,17,21,24,25,28,29,15,16,18,34,31,33,32,30,19,20],"class_list":{"0":"post-112954","1":"post","2":"type-post","3":"status-publish","4":"format-standard","5":"has-post-thumbnail","7":"category-sverige","8":"tag-breaking-news","9":"tag-breakingnews","10":"tag-featured-news","11":"tag-featurednews","12":"tag-headlines","13":"tag-huvudnyheter","14":"tag-latest-news","15":"tag-latestnews","16":"tag-main-news","17":"tag-mainnews","18":"tag-news","19":"tag-nyheter","20":"tag-rubriker","21":"tag-se","22":"tag-svenska","23":"tag-sverige","24":"tag-sweden","25":"tag-swedish","26":"tag-top-stories","27":"tag-topstories"},"share_on_mastodon":{"url":"https:\/\/pubeurope.com\/@se\/115758426111976865","error":""},"_links":{"self":[{"href":"https:\/\/www.europesays.com\/se\/wp-json\/wp\/v2\/posts\/112954","targetHints":{"allow":["GET"]}}],"collection":[{"href":"https:\/\/www.europesays.com\/se\/wp-json\/wp\/v2\/posts"}],"about":[{"href":"https:\/\/www.europesays.com\/se\/wp-json\/wp\/v2\/types\/post"}],"author":[{"embeddable":true,"href":"https:\/\/www.europesays.com\/se\/wp-json\/wp\/v2\/users\/2"}],"replies":[{"embeddable":true,"href":"https:\/\/www.europesays.com\/se\/wp-json\/wp\/v2\/comments?post=112954"}],"version-history":[{"count":0,"href":"https:\/\/www.europesays.com\/se\/wp-json\/wp\/v2\/posts\/112954\/revisions"}],"wp:featuredmedia":[{"embeddable":true,"href":"https:\/\/www.europesays.com\/se\/wp-json\/wp\/v2\/media\/112955"}],"wp:attachment":[{"href":"https:\/\/www.europesays.com\/se\/wp-json\/wp\/v2\/media?parent=112954"}],"wp:term":[{"taxonomy":"category","embeddable":true,"href":"https:\/\/www.europesays.com\/se\/wp-json\/wp\/v2\/categories?post=112954"},{"taxonomy":"post_tag","embeddable":true,"href":"https:\/\/www.europesays.com\/se\/wp-json\/wp\/v2\/tags?post=112954"}],"curies":[{"name":"wp","href":"https:\/\/api.w.org\/{rel}","templated":true}]}}