{"id":112957,"date":"2025-12-21T16:11:08","date_gmt":"2025-12-21T16:11:08","guid":{"rendered":"https:\/\/www.europesays.com\/se\/112957\/"},"modified":"2025-12-21T16:11:08","modified_gmt":"2025-12-21T16:11:08","slug":"storvretastjarnan-tillbaka-i-malprotokollet-det-sjukaste-var-unt","status":"publish","type":"post","link":"https:\/\/www.europesays.com\/se\/112957\/","title":{"rendered":"Storvretastj\u00e4rnan tillbaka i m\u00e5lprotokollet: &quot;Det sjukaste var&quot; &#8211; UNT"},"content":{"rendered":"<ol>\n<li><a href=\"https:\/\/news.google.com\/rss\/articles\/CBMisgFBVV95cUxOMDhCMWY3dmxLWGVReVRDa1RJSFJKU29Pckx0MWMxdk8zZ3Z1WnpkdHQ3RVNVY1ZoUXNVaEhnNzNnRTY3WFVMelVOX1VXbTRSUER6SnY4ZkN1elc4a1JPQ1lPOVl4czlIdXAtZk9mYnJteEVrUWF2UFA1MVJzczI1VjRGdGFnTnJNMEJvdV9BZjRZaDVRNHdUWGlUM1pwSlpvN3c1VWtVSkhJdXo4cmhtcEhB?oc=5\" target=\"_blank\" rel=\"nofollow noopener\">Storvretastj\u00e4rnan tillbaka i m\u00e5lprotokollet: &#8221;Det sjukaste var&#8221;<\/a>&nbsp;&nbsp;UNT<\/li>\n<li><a href=\"https:\/\/news.google.com\/rss\/articles\/CBMinAFBVV95cUxPbVd2SjQ3bjFWUzBsYmNKVkNNOTV6UnktY2NZamFFdW81TXUyTHk1VkN6Z3ZfUDZPU244QnhHTFdJczVIYjhEVjVCb1lPSEtpeEtETFVvMjZKLTY2VldVLUl4UjB1N2FUUGd6MjlvNlAzQWFwbWdudHhxOVJabThCdFBlYVp0TWR5VzVFcm1XMzVKbFFUUXAyNm52Z2k?oc=5\" target=\"_blank\" rel=\"nofollow noopener\">Storvreta krossade &#8221;hela innebandy-Sveriges guldfavorit&#8221;<\/a>&nbsp;&nbsp;UNT<\/li>\n<li><a href=\"https:\/\/news.google.com\/rss\/articles\/CBMihgFBVV95cUxPd2VVUTZyMk8zbE1jWjBHTTZoUE83SGp5X2VOeHEzSm1qdHdBMTZUQlphT05CVEpSMlUtSGxwTEpaZXVjRWJaMGlxX2ZUWHl3N1ZiNGs1OXpMcU1NaXZub3hCOW4wRUlxdDUtdUhkcUstMC10em9GLVl6QVhyeWJpdHZBanUyQQ?oc=5\" target=\"_blank\" rel=\"nofollow noopener\">Storvreta visade m\u00e4starklass i V\u00e4xj\u00f6: \u201dMan \u00e4r f\u00f6rbannad\u201d<\/a>&nbsp;&nbsp;Sm\u00e5landsposten<\/li>\n<li><a href=\"https:\/\/news.google.com\/rss\/articles\/CBMisgFBVV95cUxONVI5dDlWdzJQSlFOYkpoM01weFNOVHREbEI0VjZwOHpQb3BVUHpSaTNESy1sbDFjNzJwQWswV2hmVUllMDJyTE9RcHB0d1hMZ0FBemtvbllSbjNQUEVrekVtWjI3OXRIekVHei1mc2RtaUxvazl1NXd4cHZPLWdqSVNFT3NSRDdqQlB3RVhiNG90bWF5R0tDVkpXSzVMRTh1bjRGcXhkaUhIeE14RkNqMHh3?oc=5\" target=\"_blank\" rel=\"nofollow noopener\">Storvreta vann mot V\u00e4xj\u00f6 i Superligan dam<\/a>&nbsp;&nbsp;Hallands Nyheter<\/li>\n<li><a href=\"https:\/\/news.google.com\/rss\/articles\/CBMivgFBVV95cUxOWndqejktNVMtUTNaTnNwbXZIbVlBRzlocWVsLWxyMTF3UV9ETlFmNFpzdGp2cDJOZGhCeVM3ZHF5b3I3aDRoQ2FIeVppRnYzSjdpSG1uSjVBU283ZjJBRS1VN0lack1xQnB1eHdxTFplbGh5TTBPQUpFdkdTU1FCVHN4Ml8xNG5kV29aUGxVU1hZMGMxQ1c5dEFNN0Z3MHI4LXB3OXM5SU5KX3JRZVRnQkIzSzVSOEhlWC1vVkVR?oc=5\" target=\"_blank\" rel=\"nofollow noopener\">Storvreta IBK gjorde fyra m\u00e5l i tredje perioden \u2013 vann stort mot V\u00e4xj\u00f6 Vipers<\/a>&nbsp;&nbsp;Innebandymagazinet<\/li>\n<\/ol>\n","protected":false},"excerpt":{"rendered":"Storvretastj\u00e4rnan tillbaka i m\u00e5lprotokollet: &#8221;Det sjukaste var&#8221;&nbsp;&nbsp;UNT Storvreta krossade &#8221;hela innebandy-Sveriges guldfavorit&#8221;&nbsp;&nbsp;UNT Storvreta visade m\u00e4starklass i V\u00e4xj\u00f6: \u201dMan&hellip;\n","protected":false},"author":2,"featured_media":112958,"comment_status":"","ping_status":"","sticky":false,"template":"","format":"standard","meta":{"footnotes":""},"categories":[68],"tags":[34,111,110,31,33,32,30],"class_list":{"0":"post-112957","1":"post","2":"type-post","3":"status-publish","4":"format-standard","5":"has-post-thumbnail","7":"category-sport","8":"tag-se","9":"tag-sport","10":"tag-sports","11":"tag-svenska","12":"tag-sverige","13":"tag-sweden","14":"tag-swedish"},"share_on_mastodon":{"url":"https:\/\/pubeurope.com\/@se\/115758437637566102","error":""},"_links":{"self":[{"href":"https:\/\/www.europesays.com\/se\/wp-json\/wp\/v2\/posts\/112957","targetHints":{"allow":["GET"]}}],"collection":[{"href":"https:\/\/www.europesays.com\/se\/wp-json\/wp\/v2\/posts"}],"about":[{"href":"https:\/\/www.europesays.com\/se\/wp-json\/wp\/v2\/types\/post"}],"author":[{"embeddable":true,"href":"https:\/\/www.europesays.com\/se\/wp-json\/wp\/v2\/users\/2"}],"replies":[{"embeddable":true,"href":"https:\/\/www.europesays.com\/se\/wp-json\/wp\/v2\/comments?post=112957"}],"version-history":[{"count":0,"href":"https:\/\/www.europesays.com\/se\/wp-json\/wp\/v2\/posts\/112957\/revisions"}],"wp:featuredmedia":[{"embeddable":true,"href":"https:\/\/www.europesays.com\/se\/wp-json\/wp\/v2\/media\/112958"}],"wp:attachment":[{"href":"https:\/\/www.europesays.com\/se\/wp-json\/wp\/v2\/media?parent=112957"}],"wp:term":[{"taxonomy":"category","embeddable":true,"href":"https:\/\/www.europesays.com\/se\/wp-json\/wp\/v2\/categories?post=112957"},{"taxonomy":"post_tag","embeddable":true,"href":"https:\/\/www.europesays.com\/se\/wp-json\/wp\/v2\/tags?post=112957"}],"curies":[{"name":"wp","href":"https:\/\/api.w.org\/{rel}","templated":true}]}}