{"id":112961,"date":"2025-12-21T16:15:08","date_gmt":"2025-12-21T16:15:08","guid":{"rendered":"https:\/\/www.europesays.com\/se\/112961\/"},"modified":"2025-12-21T16:15:08","modified_gmt":"2025-12-21T16:15:08","slug":"macron-svek-merz-angaende-frysta-ryska-tillgangar-till-ukraina","status":"publish","type":"post","link":"https:\/\/www.europesays.com\/se\/112961\/","title":{"rendered":"Macron svek Merz ang\u00e5ende frysta ryska tillg\u00e5ngar till Ukraina"},"content":{"rendered":"<p>Efter \u00f6ver 15 timmars mangling kom EU-l\u00e4nderna \u00f6verens om ett nytt st\u00f6dpaket till Ukraina tidigare i veckan. Men det var inte bara segerrop \u2013 vissa beskrev det snarare som en besvikelse att medlemsl\u00e4nderna inte lyckats f\u00e5 igenom f\u00f6rslaget om att anv\u00e4nda frysta ryska tillg\u00e5ngar.<\/p>\n<p>Tysklands f\u00f6rbundskansler Friedrich Merz f\u00f6rs\u00f6kte f\u00e5 med alla EU-medlemmar p\u00e5 t\u00e5get, men f\u00f6rg\u00e4ves. I v\u00e4gen stod Belgien, Italien \u2013 och Frankrikes president Emmanuel Macron, enligt k\u00e4llor till <a href=\"https:\/\/www.ft.com\/#:~:text=European%20Union-,Role%20reversal%3A%20how%20foot%2Ddragging%20France%20blindsided%20newly%20assertive%20Berlin,-Editor%27s%20picks\" target=\"_blank\" rel=\"noopener noreferrer nofollow\">Financial Times<\/a>.<\/p>\n","protected":false},"excerpt":{"rendered":"Efter \u00f6ver 15 timmars mangling kom EU-l\u00e4nderna \u00f6verens om ett nytt st\u00f6dpaket till Ukraina tidigare i veckan. Men&hellip;\n","protected":false},"author":2,"featured_media":112962,"comment_status":"","ping_status":"","sticky":false,"template":"","format":"standard","meta":{"footnotes":""},"categories":[14],"tags":[22,23,26,27,17,21,24,25,28,29,15,16,18,34,31,33,32,30,19,20,51,52,53,54],"class_list":{"0":"post-112961","1":"post","2":"type-post","3":"status-publish","4":"format-standard","5":"has-post-thumbnail","7":"category-varlden","8":"tag-breaking-news","9":"tag-breakingnews","10":"tag-featured-news","11":"tag-featurednews","12":"tag-headlines","13":"tag-huvudnyheter","14":"tag-latest-news","15":"tag-latestnews","16":"tag-main-news","17":"tag-mainnews","18":"tag-news","19":"tag-nyheter","20":"tag-rubriker","21":"tag-se","22":"tag-svenska","23":"tag-sverige","24":"tag-sweden","25":"tag-swedish","26":"tag-top-stories","27":"tag-topstories","28":"tag-varlden","29":"tag-world","30":"tag-world-news","31":"tag-worldnews"},"share_on_mastodon":{"url":"https:\/\/pubeurope.com\/@se\/115758453573013717","error":""},"_links":{"self":[{"href":"https:\/\/www.europesays.com\/se\/wp-json\/wp\/v2\/posts\/112961","targetHints":{"allow":["GET"]}}],"collection":[{"href":"https:\/\/www.europesays.com\/se\/wp-json\/wp\/v2\/posts"}],"about":[{"href":"https:\/\/www.europesays.com\/se\/wp-json\/wp\/v2\/types\/post"}],"author":[{"embeddable":true,"href":"https:\/\/www.europesays.com\/se\/wp-json\/wp\/v2\/users\/2"}],"replies":[{"embeddable":true,"href":"https:\/\/www.europesays.com\/se\/wp-json\/wp\/v2\/comments?post=112961"}],"version-history":[{"count":0,"href":"https:\/\/www.europesays.com\/se\/wp-json\/wp\/v2\/posts\/112961\/revisions"}],"wp:featuredmedia":[{"embeddable":true,"href":"https:\/\/www.europesays.com\/se\/wp-json\/wp\/v2\/media\/112962"}],"wp:attachment":[{"href":"https:\/\/www.europesays.com\/se\/wp-json\/wp\/v2\/media?parent=112961"}],"wp:term":[{"taxonomy":"category","embeddable":true,"href":"https:\/\/www.europesays.com\/se\/wp-json\/wp\/v2\/categories?post=112961"},{"taxonomy":"post_tag","embeddable":true,"href":"https:\/\/www.europesays.com\/se\/wp-json\/wp\/v2\/tags?post=112961"}],"curies":[{"name":"wp","href":"https:\/\/api.w.org\/{rel}","templated":true}]}}