{"id":112972,"date":"2025-12-21T16:24:16","date_gmt":"2025-12-21T16:24:16","guid":{"rendered":"https:\/\/www.europesays.com\/se\/112972\/"},"modified":"2025-12-21T16:24:16","modified_gmt":"2025-12-21T16:24:16","slug":"larmet-fran-skidanlaggningarna-efter-snobristen","status":"publish","type":"post","link":"https:\/\/www.europesays.com\/se\/112972\/","title":{"rendered":"Larmet fr\u00e5n skidanl\u00e4ggningarna efter sn\u00f6bristen"},"content":{"rendered":"<p>Publicerad 21 dec 2025 kl 14.29Uppdaterad kl 16.50<\/p>\n<p>Hos flera av landets skidanl\u00e4ggningar r\u00e5der akut brist \u2013 p\u00e5 sn\u00f6.<\/p>\n<p>Det milda decemberv\u00e4dret medf\u00f6r st\u00e4ngda pister och tr\u00e5kig utsikt n\u00e4r man susar nerf\u00f6r backen.<\/p>\n<p>P\u00e5 vissa h\u00e5ll s\u00e4nker man nu priserna.\u00a0<\/p>\n<p>S\u00e5 g\u00e5r det f\u00f6r Skistar \u2013\u00a0senaste siffrorna.<img loading=\"lazy\"   alt=\"\"\/><\/p>\n<p>Stor sn\u00f6brist i Tand\u00e5dalen under s\u00f6ndagen.<\/p>\n<p>Foto: L\u00e4sarbild \/ L\u00e4sarbild<\/p>\n<p>\u00d6ppna bild i helsk\u00e4rm<img loading=\"lazy\"   alt=\"\"\/><\/p>\n<p>Det var barmark under en av liftarna i Tand\u00e5dalen under s\u00f6ndagen.<\/p>\n<p>Foto: L\u00e4sarbild \/ L\u00e4sarbild<\/p>\n<p>\u00d6ppna bild i helsk\u00e4rm<img loading=\"lazy\"   alt=\"\"\/><\/p>\n<p>Backarna i Kl\u00e4ppen.<\/p>\n<p>Foto: Webbkameror<\/p>\n<p>\u00d6ppna bild i helsk\u00e4rm<img loading=\"lazy\"   alt=\"\"\/><\/p>\n<p>Bara konstsn\u00f6 i Romme.<\/p>\n<p>Foto: Webbkameror<\/p>\n<p>\u00d6ppna bild i helsk\u00e4rm<img loading=\"lazy\"   alt=\"\"\/><\/p>\n<p>Toppen av Tand\u00e5dalen.<\/p>\n<p>Foto: Webbkameror<\/p>\n<p>\u00d6ppna bild i helsk\u00e4rm<img loading=\"lazy\"   alt=\"\"\/><\/p>\n<p>\u00c4ven i Bran\u00e4s \u00e4r det barmark.<\/p>\n<p>Foto: Webbkameror<\/p>\n<p>\u00d6ppna bild i helsk\u00e4rm<img loading=\"lazy\"   alt=\"\"\/> <\/p>\n<p>Foto: L\u00e4sarbild \/ L\u00e4sarbild<\/p>\n<p>\u00d6ppna bild i helsk\u00e4rm<\/p>\n<p>De senaste veckornas v\u00e4der har inte varit n\u00e5gon succ\u00e9 f\u00f6r den som gillar sporter i sn\u00f6n.<\/p>\n<p>Artikeln i korthet<\/p>\n<p> Mild december har gett barmark p\u00e5 m\u00e5nga skidorter.<\/p>\n<p> Flera anl\u00e4ggningar har l\u00e5ngt ifr\u00e5n alla backar \u00f6ppna.<\/p>\n<p> Hotellen \u00e4r fullbokade, men f\u00e4rre dagsg\u00e4ster v\u00e4ntas.<\/p>\n<p> Vissa anl\u00e4ggningar s\u00e4nker priserna eller ut\u00f6kar \u00f6ppettiderna.<\/p>\n<p> Skidanl\u00e4ggningarna hoppas p\u00e5 kyla f\u00f6r att kunna l\u00e4gga mer sn\u00f6.<\/p>\n<p>Visa mer<\/p>\n<p>Plusgrader l\u00e5ngt upp i landet har lett till dystra scener fr\u00e5n flera av landets skidanl\u00e4ggningar, som s\u00e5 sm\u00e5tt b\u00f6rjat k\u00f6ra i g\u00e5ng liftarna inf\u00f6r vinters\u00e4songen. I storfavoriten S\u00e4len \u00e4r sn\u00f6djupet f\u00f6r n\u00e4rvarande noll centimeter i terr\u00e4ngen. Likadant ser det ut p\u00e5 andra popul\u00e4ra anl\u00e4ggningar, som Kl\u00e4ppen, Orsa Gr\u00f6nklitt och <a href=\"https:\/\/www.expressen.se\/tagg\/location\/romme-alpin\/\" class=\"\" rel=\"nofollow noopener\" target=\"_blank\">Romme Alpin<\/a>.<\/p>\n<p>Just Romme Alpin, utanf\u00f6r Borl\u00e4nge, hade s\u00e4songspremi\u00e4r under l\u00f6rdagen. Tio av 34 backar var d\u00e5 \u00f6ppna.<\/p>\n<p>\u2013 Det \u00e4r bra underlag i de tio nerfarterna som \u00e4r \u00f6ppna s\u00e5 vi \u00e4r v\u00e4ldigt glada och stolta att kunna erbjuda den h\u00e4r skid\u00e5kningen med tanke p\u00e5 hur milt det har varit senaste m\u00e5naden, s\u00e4ger Oskar Funcke, platschef p\u00e5 anl\u00e4ggningen.<\/p>\n<p>\u201dKommer absolut p\u00e5verka\u201d<\/p>\n<p>Inf\u00f6r jul och ny\u00e5r \u00e4r Romme Alpins hotell fullbokat, och man har inte sett n\u00e5got st\u00f6rre tapp i g\u00e4ster som redan har bokat skidsemester de kommande veckorna. D\u00e4remot oroar man sig f\u00f6r att en del g\u00e4ster \u00e4nd\u00e5 kan falla bort n\u00e4r sn\u00f6n lyser med sin fr\u00e5nvaro.<\/p>\n<p>\u2013 Dagsg\u00e4sterna \u00e4r ju en stor del f\u00f6r oss. Och det \u00e4r klart att har man lite sn\u00f6 hemma s\u00e5 f\u00e5r man ett st\u00f6rre skidsug. S\u00e5 det kommer absolut p\u00e5verka oss lite grann, s\u00e4ger Funcke.<\/p>\n<p>I Bran\u00e4s i V\u00e4rmland \u00e4r det ocks\u00e5 barmark utanf\u00f6r pisten. D\u00e4r \u00e4r 18 av 34 backar \u00f6ppna.<\/p>\n<p><img loading=\"lazy\"   alt=\"\"\/><\/p>\n<p>Barmark under liften i Tand\u00e5dalen.<\/p>\n<p>Foto: L\u00e4sarbild \/ L\u00e4sarbild<\/p>\n<p>\u00d6ppna bild i helsk\u00e4rm<img loading=\"lazy\"   alt=\"\"\/><\/p>\n<p>Det var mest vatten i skidsp\u00e5ren i Tand\u00e5dalen.<\/p>\n<p>Foto: L\u00e4sarbild \/ L\u00e4sarbild<\/p>\n<p>\u00d6ppna bild i helsk\u00e4rm<\/p>\n<p>\u2013 Jag har jobbat 25 \u00e5r med det h\u00e4r och s\u00e5 h\u00e4r har det varit f\u00f6rr. Vi k\u00e4nner oss lugna faktiskt. Det \u00e4r mer tr\u00e5kigt f\u00f6r g\u00e4sterna att det inte \u00e4r vitt runtomkring, s\u00e4ger Anders Kj\u00e4llstr\u00f6m, vd f\u00f6r Bran\u00e4sgruppen.\u00a0<\/p>\n<p>Tar till \u00e5tg\u00e4rder<\/p>\n<p>Hos Skistars svenska anl\u00e4ggningar \u2013 \u00c5re, Vemdalen och S\u00e4len \u2013 ser det lite olika ut. I de tv\u00e5 f\u00f6rstn\u00e4mnda finns en del natursn\u00f6, men inte i S\u00e4len. D\u00e4r vidtar man \u00e5tg\u00e4rder f\u00f6r att skidsugna g\u00e4ster \u00e4nd\u00e5 ska bli n\u00f6jda.\u00a0<\/p>\n<p>\u201dI S\u00e4len och Trysil ser vi fram emot att f\u00e5 in mer kyla om n\u00e5gra dagar f\u00f6r att kunna forts\u00e4tta l\u00e4gga sn\u00f6 p\u00e5 vissa omr\u00e5den. Vi ut\u00f6kar ocks\u00e5 \u00f6ppettiderna b\u00e5de i S\u00e4len och Trysil f\u00f6r att v\u00e5ra g\u00e4ster ska f\u00e5 s\u00e5 mycket skid\u00e5kning som m\u00f6jligt under sin vistelse\u201d, skriver Skistars kommunikationschef Maria Kruse i ett mejl.\u00a0<\/p>\n<p>I n\u00e4rliggande Kl\u00e4ppen har sn\u00f6bristen lett till att backarna \u00e4r smalare \u00e4n vanligt. Man kommer nu satsa p\u00e5 att bredda dem n\u00e4r temperaturerna sjunker \u2013 men man g\u00f6r ocks\u00e5 skid\u00e5kningen billigare under julveckan.<\/p>\n<p>\u2013 Eftersom vi vet att det kommer komma upp folk och det \u00e4r lite smalare backar s\u00e5 har vi s\u00e4nkt priserna med 20 procent, s\u00e4ger Lennart Stolpe, kommunikationschef.\u00a0<\/p>\n<p>\u2013 Vi ser ju att det inte ser ut som vi vill ha det. Det \u00e4r ingen som jobbar p\u00e5 fj\u00e4llen som vill ha en s\u00e5n h\u00e4r start p\u00e5 s\u00e4songen.<\/p>\n<p>S\u00e5 m\u00e5nga backar \u00e4r \u00f6ppna<\/p>\n<p>Den 21 december \u00e4r f\u00f6ljande antal backar \u00f6ppna i skidanl\u00e4ggningarna:<\/p>\n<p>Lindvallen: 18 av 43 pister<\/p>\n<p>H\u00f6gfj\u00e4llet: 2 av 9<\/p>\n<p>Tand\u00e5dalen: 6 av 27<\/p>\n<p>Hundfj\u00e4llet: 5 av 23<\/p>\n<p>\u00c5re: 46 av 90 backar \u00f6ppna i hela omr\u00e5det<\/p>\n<p>Romme Alpin: 10 av 34<\/p>\n<p>Bran\u00e4s: 18 av 34<\/p>\n<p>Kl\u00e4ppen: 17 av 41<\/p>\n<p>St\u00f6ten: 10 av 50<\/p>\n<p>Idre: 13 av 41<\/p>\n<p>Vemdalen: 25 av 62 backar \u00f6ppna i hela omr\u00e5det<\/p>\n<p>Lofsdalen: 8 av 25<\/p>\n<p>Kungsberget: 7 av 25<\/p>\n<p>Ramundberget: 21 av 50<\/p>\n<p>J\u00e4rvs\u00f6: 13,5 av 23<\/p>\n<p>Orsa Gr\u00f6nklitt: 3 av 26<\/p>\n<p>Norge:<\/p>\n<p>Trysil: 16 av 71 backar \u00f6ppna i hela omr\u00e5det<\/p>\n<p>Hemsedal: 21 av 47<\/p>\n<p>Visa mer<\/p>\n","protected":false},"excerpt":{"rendered":"Publicerad 21 dec 2025 kl 14.29Uppdaterad kl 16.50 Hos flera av landets skidanl\u00e4ggningar r\u00e5der akut brist \u2013 p\u00e5&hellip;\n","protected":false},"author":2,"featured_media":112973,"comment_status":"","ping_status":"","sticky":false,"template":"","format":"standard","meta":{"footnotes":""},"categories":[12],"tags":[22,23,26,27,17,21,24,25,12356,12355,11492,28,29,15,16,18,34,154,31,33,32,30,19,20],"class_list":{"0":"post-112972","1":"post","2":"type-post","3":"status-publish","4":"format-standard","5":"has-post-thumbnail","7":"category-sverige","8":"tag-breaking-news","9":"tag-breakingnews","10":"tag-featured-news","11":"tag-featurednews","12":"tag-headlines","13":"tag-huvudnyheter","14":"tag-latest-news","15":"tag-latestnews","16":"tag-location-branas","17":"tag-location-romme-alpin","18":"tag-location-salen","19":"tag-main-news","20":"tag-mainnews","21":"tag-news","22":"tag-nyheter","23":"tag-rubriker","24":"tag-se","25":"tag-sections-sverige","26":"tag-svenska","27":"tag-sverige","28":"tag-sweden","29":"tag-swedish","30":"tag-top-stories","31":"tag-topstories"},"share_on_mastodon":{"url":"https:\/\/pubeurope.com\/@se\/115758488971689648","error":""},"_links":{"self":[{"href":"https:\/\/www.europesays.com\/se\/wp-json\/wp\/v2\/posts\/112972","targetHints":{"allow":["GET"]}}],"collection":[{"href":"https:\/\/www.europesays.com\/se\/wp-json\/wp\/v2\/posts"}],"about":[{"href":"https:\/\/www.europesays.com\/se\/wp-json\/wp\/v2\/types\/post"}],"author":[{"embeddable":true,"href":"https:\/\/www.europesays.com\/se\/wp-json\/wp\/v2\/users\/2"}],"replies":[{"embeddable":true,"href":"https:\/\/www.europesays.com\/se\/wp-json\/wp\/v2\/comments?post=112972"}],"version-history":[{"count":0,"href":"https:\/\/www.europesays.com\/se\/wp-json\/wp\/v2\/posts\/112972\/revisions"}],"wp:featuredmedia":[{"embeddable":true,"href":"https:\/\/www.europesays.com\/se\/wp-json\/wp\/v2\/media\/112973"}],"wp:attachment":[{"href":"https:\/\/www.europesays.com\/se\/wp-json\/wp\/v2\/media?parent=112972"}],"wp:term":[{"taxonomy":"category","embeddable":true,"href":"https:\/\/www.europesays.com\/se\/wp-json\/wp\/v2\/categories?post=112972"},{"taxonomy":"post_tag","embeddable":true,"href":"https:\/\/www.europesays.com\/se\/wp-json\/wp\/v2\/tags?post=112972"}],"curies":[{"name":"wp","href":"https:\/\/api.w.org\/{rel}","templated":true}]}}