{"id":113001,"date":"2025-12-21T16:57:25","date_gmt":"2025-12-21T16:57:25","guid":{"rendered":"https:\/\/www.europesays.com\/se\/113001\/"},"modified":"2025-12-21T16:57:25","modified_gmt":"2025-12-21T16:57:25","slug":"parasiter-i-kranvattnet-visby-oroar-foraldrar","status":"publish","type":"post","link":"https:\/\/www.europesays.com\/se\/113001\/","title":{"rendered":"Parasiter i kranvattnet Visby oroar f\u00f6r\u00e4ldrar"},"content":{"rendered":"<p>Det har florerat en del oroliga kommentarer fr\u00e5n sm\u00e5barnsf\u00f6r\u00e4ldrar i olika fl\u00f6den p\u00e5 sociala medier kopplade till nyheter om de uppt\u00e4ckta parasiterna i dricksvattnet. Flera undrar hur man exempelvis ska g\u00f6ra med att bada och duscha sina sm\u00e5 barn med tanke p\u00e5 att man helst inte ska sv\u00e4lja kranvattnet.En av m\u00e5nga sm\u00e5barnsf\u00f6r\u00e4ldrar som p\u00e5verkas av den aktuella situatione<\/p>\n","protected":false},"excerpt":{"rendered":"Det har florerat en del oroliga kommentarer fr\u00e5n sm\u00e5barnsf\u00f6r\u00e4ldrar i olika fl\u00f6den p\u00e5 sociala medier kopplade till nyheter&hellip;\n","protected":false},"author":2,"featured_media":113002,"comment_status":"","ping_status":"","sticky":false,"template":"","format":"standard","meta":{"footnotes":""},"categories":[12],"tags":[22,23,26,27,17,21,24,25,28,29,15,16,18,34,31,33,32,30,19,20],"class_list":{"0":"post-113001","1":"post","2":"type-post","3":"status-publish","4":"format-standard","5":"has-post-thumbnail","7":"category-sverige","8":"tag-breaking-news","9":"tag-breakingnews","10":"tag-featured-news","11":"tag-featurednews","12":"tag-headlines","13":"tag-huvudnyheter","14":"tag-latest-news","15":"tag-latestnews","16":"tag-main-news","17":"tag-mainnews","18":"tag-news","19":"tag-nyheter","20":"tag-rubriker","21":"tag-se","22":"tag-svenska","23":"tag-sverige","24":"tag-sweden","25":"tag-swedish","26":"tag-top-stories","27":"tag-topstories"},"share_on_mastodon":{"url":"https:\/\/pubeurope.com\/@se\/115758618644734467","error":""},"_links":{"self":[{"href":"https:\/\/www.europesays.com\/se\/wp-json\/wp\/v2\/posts\/113001","targetHints":{"allow":["GET"]}}],"collection":[{"href":"https:\/\/www.europesays.com\/se\/wp-json\/wp\/v2\/posts"}],"about":[{"href":"https:\/\/www.europesays.com\/se\/wp-json\/wp\/v2\/types\/post"}],"author":[{"embeddable":true,"href":"https:\/\/www.europesays.com\/se\/wp-json\/wp\/v2\/users\/2"}],"replies":[{"embeddable":true,"href":"https:\/\/www.europesays.com\/se\/wp-json\/wp\/v2\/comments?post=113001"}],"version-history":[{"count":0,"href":"https:\/\/www.europesays.com\/se\/wp-json\/wp\/v2\/posts\/113001\/revisions"}],"wp:featuredmedia":[{"embeddable":true,"href":"https:\/\/www.europesays.com\/se\/wp-json\/wp\/v2\/media\/113002"}],"wp:attachment":[{"href":"https:\/\/www.europesays.com\/se\/wp-json\/wp\/v2\/media?parent=113001"}],"wp:term":[{"taxonomy":"category","embeddable":true,"href":"https:\/\/www.europesays.com\/se\/wp-json\/wp\/v2\/categories?post=113001"},{"taxonomy":"post_tag","embeddable":true,"href":"https:\/\/www.europesays.com\/se\/wp-json\/wp\/v2\/tags?post=113001"}],"curies":[{"name":"wp","href":"https:\/\/api.w.org\/{rel}","templated":true}]}}