{"id":113005,"date":"2025-12-21T17:00:24","date_gmt":"2025-12-21T17:00:24","guid":{"rendered":"https:\/\/www.europesays.com\/se\/113005\/"},"modified":"2025-12-21T17:00:24","modified_gmt":"2025-12-21T17:00:24","slug":"sandra-naslunds-nya-succe-vinner-i-varldscupen","status":"publish","type":"post","link":"https:\/\/www.europesays.com\/se\/113005\/","title":{"rendered":"Sandra N\u00e4slunds nya succ\u00e9 \u2013 vinner i v\u00e4rldscupen"},"content":{"rendered":"<p>Publicerad 21 dec 2025 kl 13.08Uppdaterad kl 14.52<\/p>\n<p>Sandra N\u00e4slunds monsters\u00e4song forts\u00e4tter. Efter tredjeplatsen i g\u00e5r stod hon \u00f6verst p\u00e5 pallen igen \u2013 sin fj\u00e4rde seger av fem m\u00f6jliga i \u00e5r. Hon var totalt \u00f6verl\u00e4gsen, efter en superstart.<\/p>\n<p>\u2013 Det \u00e4r en brutal kross, s\u00e4ger Viaplays expert Lars Lew\u00e9n.<\/p>\n<p><img   alt=\"\"\/><\/p>\n<p>Sandra N\u00e4slund.<\/p>\n<p>Foto: FREDRIK KARLSSON \/ BILDBYR\u00c5N<\/p>\n<p>\u00d6ppna bild i helsk\u00e4rm<\/p>\n<p><a href=\"https:\/\/www.expressen.se\/tagg\/person\/sandra-naslund\/\" class=\"\" rel=\"nofollow noopener\" target=\"_blank\">Sandra N\u00e4slund<\/a>, 29, hade ett sv\u00e5rt utg\u00e5ngsl\u00e4ge fr\u00e5n sin fj\u00e4rde bana i italienska Innichen. Men om starten i g\u00e5r f\u00f6rst\u00f6rde hennes chans till seger, var det tv\u00e4rtom i dag.\u00a0<\/p>\n<p>Hon fullkomligt fl\u00f6g iv\u00e4g och rundade hela f\u00e4ltet direkt.<\/p>\n<p>\u2013 Jag var beredd p\u00e5 att ligga bakom, men jag fick en bra start och sedan kunde jag \u00e5ka s\u00e4kert hela v\u00e4gen ner, s\u00e4ger hon i Viaplay.<\/p>\n<p>D\u00e4refter kunde hon i \u00f6verl\u00e4gsen stil ta hem segern.<\/p>\n<p>\u2013 Det \u00e4r en brutal kross, s\u00e4ger Lew\u00e9n.<\/p>\n<p>Nu v\u00e4ntar juluppeh\u00e5ll f\u00f6r N\u00e4slund, innan de sista t\u00e4vlingarna f\u00f6re OS drar ig\u00e5ng.<\/p>\n<p>\u2013 Det har varit perfekt, nu \u00e4r jag redo f\u00f6r lite vila.\u00a0<\/p>\n","protected":false},"excerpt":{"rendered":"Publicerad 21 dec 2025 kl 13.08Uppdaterad kl 14.52 Sandra N\u00e4slunds monsters\u00e4song forts\u00e4tter. Efter tredjeplatsen i g\u00e5r stod hon&hellip;\n","protected":false},"author":2,"featured_media":113006,"comment_status":"","ping_status":"","sticky":false,"template":"","format":"standard","meta":{"footnotes":""},"categories":[68],"tags":[11705,34,1464,111,110,31,33,32,30],"class_list":{"0":"post-113005","1":"post","2":"type-post","3":"status-publish","4":"format-standard","5":"has-post-thumbnail","7":"category-sport","8":"tag-person-sandra-naslund","9":"tag-se","10":"tag-sections-vintersport","11":"tag-sport","12":"tag-sports","13":"tag-svenska","14":"tag-sverige","15":"tag-sweden","16":"tag-swedish"},"share_on_mastodon":{"url":"https:\/\/pubeurope.com\/@se\/115758630578795257","error":""},"_links":{"self":[{"href":"https:\/\/www.europesays.com\/se\/wp-json\/wp\/v2\/posts\/113005","targetHints":{"allow":["GET"]}}],"collection":[{"href":"https:\/\/www.europesays.com\/se\/wp-json\/wp\/v2\/posts"}],"about":[{"href":"https:\/\/www.europesays.com\/se\/wp-json\/wp\/v2\/types\/post"}],"author":[{"embeddable":true,"href":"https:\/\/www.europesays.com\/se\/wp-json\/wp\/v2\/users\/2"}],"replies":[{"embeddable":true,"href":"https:\/\/www.europesays.com\/se\/wp-json\/wp\/v2\/comments?post=113005"}],"version-history":[{"count":0,"href":"https:\/\/www.europesays.com\/se\/wp-json\/wp\/v2\/posts\/113005\/revisions"}],"wp:featuredmedia":[{"embeddable":true,"href":"https:\/\/www.europesays.com\/se\/wp-json\/wp\/v2\/media\/113006"}],"wp:attachment":[{"href":"https:\/\/www.europesays.com\/se\/wp-json\/wp\/v2\/media?parent=113005"}],"wp:term":[{"taxonomy":"category","embeddable":true,"href":"https:\/\/www.europesays.com\/se\/wp-json\/wp\/v2\/categories?post=113005"},{"taxonomy":"post_tag","embeddable":true,"href":"https:\/\/www.europesays.com\/se\/wp-json\/wp\/v2\/tags?post=113005"}],"curies":[{"name":"wp","href":"https:\/\/api.w.org\/{rel}","templated":true}]}}