{"id":113009,"date":"2025-12-21T17:03:07","date_gmt":"2025-12-21T17:03:07","guid":{"rendered":"https:\/\/www.europesays.com\/se\/113009\/"},"modified":"2025-12-21T17:03:07","modified_gmt":"2025-12-21T17:03:07","slug":"sa-exponerade-ar-europeiska-lakemedelsbolag-mot-usa","status":"publish","type":"post","link":"https:\/\/www.europesays.com\/se\/113009\/","title":{"rendered":"S\u00e5 exponerade \u00e4r europeiska l\u00e4kemedelsbolag mot USA"},"content":{"rendered":"<p class=\"\">L\u00e4kemedelspriss\u00e4ttning har seglat upp som en av de st\u00f6rsta fr\u00e5gorna f\u00f6r l\u00e4kemedelsbolag i \u00e5r. Detta d\u00e5 USA:s president Donald Trump har lobbat f\u00f6r l\u00e4gre l\u00e4kemedelspriser f\u00f6r amerikaner genom s\u00e5 kallad Most Favoured Nations-priss\u00e4ttning.<\/p>\n<p class=\"\">Av de tio st\u00f6rsta l\u00e4kemedelsbolagen i Stoxx 600:s l\u00e4kemedelsindex har fem stycken en majoritet av sin f\u00f6rs\u00e4ljning fr\u00e5n USA: <strong>Roche<\/strong>, <strong>Novo Nordisk<\/strong>, <strong>GSK<\/strong>, <strong>Argenx<\/strong> och <strong>UCB<\/strong>. <\/p>\n<p class=\"\">Mest exponerade \u00e4r nederl\u00e4ndska <strong>Argenx<\/strong> som, under det f\u00f6reg\u00e5ende kvartalet, hade 85 procent av sin f\u00f6rs\u00e4ljning i USA. <\/p>\n<p class=\"\">Svensk-brittiska <strong>Astra Zeneca<\/strong> har 42 procent av sin f\u00f6rs\u00e4ljning i USA och siktar p\u00e5 att \u00f6ka denna andelen i jakten p\u00e5 int\u00e4kter p\u00e5 80 miljarder dollar till 2030. I rapporten f\u00f6r det tredje kvartalet uppgav bolaget att man forts\u00e4tter att leverera p\u00e5 strategin om att st\u00e4rka verksamheten i USA f\u00f6r att driva tillv\u00e4xt.<\/p>\n<p>Novo Nordisk och Astra Zeneca i avtal med Trump<\/p>\n<p class=\"\">Bolaget har, liksom konkurrenterna <strong>Novartis<\/strong>, <strong>Roche<\/strong> och <strong>GSK<\/strong>, ocks\u00e5 utlovat \u00f6kade investeringar i USA sedan Donald Trumps andra mandatperiod inleddes.<\/p>\n<p class=\"\">B\u00e5de Astra Zeneca och Novo Nordisk har \u00e4ven slutit avtal med Donald Trump om att s\u00e4nka priserna p\u00e5 l\u00e4kemedel i USA. Analytiker har dock tonat ned hur det p\u00e5verkar resultatet.<\/p>\n<p class=\"\">\u201dAstra Zenecas MFN-avtal \u00e4r mer ofarligt \u00e4n vad m\u00e5nga tror, men EU-l\u00e4nder kan f\u00e5 se en minskad tillg\u00e5ng till l\u00e4kemedel\u201d, <a class=\"null text-blue-link underline\" href=\"https:\/\/www.cnbc.com\/2025\/12\/19\/this-is-how-exposed-european-big-pharma-is-to-the-us.html\" rel=\"nofollow noopener\" target=\"_blank\">skrev analytiker<\/a> p\u00e5 Jefferies i november.<\/p>\n","protected":false},"excerpt":{"rendered":"L\u00e4kemedelspriss\u00e4ttning har seglat upp som en av de st\u00f6rsta fr\u00e5gorna f\u00f6r l\u00e4kemedelsbolag i \u00e5r. Detta d\u00e5 USA:s president&hellip;\n","protected":false},"author":2,"featured_media":113010,"comment_status":"","ping_status":"","sticky":false,"template":"","format":"standard","meta":{"footnotes":""},"categories":[65],"tags":[72,70,71,34,31,33,32,30],"class_list":{"0":"post-113009","1":"post","2":"type-post","3":"status-publish","4":"format-standard","5":"has-post-thumbnail","7":"category-ekonomi","8":"tag-business","9":"tag-economy","10":"tag-ekonomi","11":"tag-se","12":"tag-svenska","13":"tag-sverige","14":"tag-sweden","15":"tag-swedish"},"share_on_mastodon":{"url":"https:\/\/pubeurope.com\/@se\/115758642179055133","error":""},"_links":{"self":[{"href":"https:\/\/www.europesays.com\/se\/wp-json\/wp\/v2\/posts\/113009","targetHints":{"allow":["GET"]}}],"collection":[{"href":"https:\/\/www.europesays.com\/se\/wp-json\/wp\/v2\/posts"}],"about":[{"href":"https:\/\/www.europesays.com\/se\/wp-json\/wp\/v2\/types\/post"}],"author":[{"embeddable":true,"href":"https:\/\/www.europesays.com\/se\/wp-json\/wp\/v2\/users\/2"}],"replies":[{"embeddable":true,"href":"https:\/\/www.europesays.com\/se\/wp-json\/wp\/v2\/comments?post=113009"}],"version-history":[{"count":0,"href":"https:\/\/www.europesays.com\/se\/wp-json\/wp\/v2\/posts\/113009\/revisions"}],"wp:featuredmedia":[{"embeddable":true,"href":"https:\/\/www.europesays.com\/se\/wp-json\/wp\/v2\/media\/113010"}],"wp:attachment":[{"href":"https:\/\/www.europesays.com\/se\/wp-json\/wp\/v2\/media?parent=113009"}],"wp:term":[{"taxonomy":"category","embeddable":true,"href":"https:\/\/www.europesays.com\/se\/wp-json\/wp\/v2\/categories?post=113009"},{"taxonomy":"post_tag","embeddable":true,"href":"https:\/\/www.europesays.com\/se\/wp-json\/wp\/v2\/tags?post=113009"}],"curies":[{"name":"wp","href":"https:\/\/api.w.org\/{rel}","templated":true}]}}