{"id":113011,"date":"2025-12-21T17:05:45","date_gmt":"2025-12-21T17:05:45","guid":{"rendered":"https:\/\/www.europesays.com\/se\/113011\/"},"modified":"2025-12-21T17:05:45","modified_gmt":"2025-12-21T17:05:45","slug":"20-december-07-20-sammanfattning-natt-norrbottens-lan-polisen-se","status":"publish","type":"post","link":"https:\/\/www.europesays.com\/se\/113011\/","title":{"rendered":"20 december 07.20, Sammanfattning natt, Norrbottens l\u00e4n &#8211; polisen.se"},"content":{"rendered":"<ol>\n<li><a href=\"https:\/\/news.google.com\/rss\/articles\/CBMirgFBVV95cUxQdzVqVFJuQi1GbTdzem5NeHhrdENYTjJrYXQ4R3R5MEpQNjVpc2V2RlNIX3VCaXBuMmh6d2s3ZzE0TUNiaEpwUllCY1BmaGVJYlJmRENibkVhYlFBNktmeHdzQ3BaOS1UVGp6MF9lOGUxMUNWbFFuX055WmU3Skt5N2pJRG5BOFdSRllSVHBhM1VseDEyRm5ia1lBbmM2cnd6Q20tdTFBQmxuYmFPWWc?oc=5\" target=\"_blank\" rel=\"nofollow noopener\">20 december 07.20, Sammanfattning natt, Norrbottens l\u00e4n<\/a>&nbsp;&nbsp;polisen.se<\/li>\n<li><a href=\"https:\/\/news.google.com\/rss\/articles\/CBMinwFBVV95cUxPUzdsY0R1WFU4a0xmRTcxNEkxMnM4LXlfSnduNWg0N01Talc0NkJRMmlQYURzWmRJSG1EZFZWMnA5UW05RXhJMnRnM0ZUMWJOcU5MaGtrdE1vaUxGQ0RIeGlVQWtDaVdvNllHRjVISG54RXpIRHVNanhWejd3Ym04Q0x1RUNnM2lycXM2TV90dVNBamZhRWVGN1luYXZTWnM?oc=5\" target=\"_blank\" rel=\"nofollow noopener\">Polisens tekniker p\u00e5 plats vid eldh\u00e4rjade stugan<\/a>&nbsp;&nbsp;NSD<\/li>\n<li><a href=\"https:\/\/news.google.com\/rss\/articles\/CBMimwFBVV95cUxPX1NDM0V4aElsUFM1VkozNlJsUm1rSHQwaVZ3VWR0WGhvUmRleF85MVVjY3RDRVZzNFIyc01BN3gtOC1sMU1tZms0YmxPMWU2SExSWXBtREtIQjNCX05sZFVJZFFud0hZUm1mSzV6U185bVFYMXZacFRhU3ZWSzVPUXhPdzFPeDNHVWZqcVVrYlBheUs2dm94dHRRQQ?oc=5\" target=\"_blank\" rel=\"nofollow noopener\">Man befaras d\u00f6d efter stugbrand i Kiruna kommun<\/a>&nbsp;&nbsp;Norran<\/li>\n<li><a href=\"https:\/\/news.google.com\/rss\/articles\/CBMiqwFBVV95cUxNMi1NSjRjSDZ2RHVoVFhOOEdXUko3YWthQjZ2UWl1eHlHMEFfQ3dqbTBCTmRVX1M4dDJjSmRYQ1ROV3BvQmR6UXVnei15T21SMlJKQ0JuRkx4SUpaYnRNQjkwNVNYbGVrT1RlbUZrSmZhZnNrN2E0QW1fNEdNUlJaRGxfdUxnc1BHcFJ2RG1SNTRlaWlRT3lURkZobENtV1JmSjRfUk55LUlPMEU?oc=5\" target=\"_blank\" rel=\"nofollow noopener\">Stuga fullt \u00f6vert\u00e4nd \u2013 stor utryckning under natten<\/a>&nbsp;&nbsp;NSD<\/li>\n<li><a href=\"https:\/\/news.google.com\/rss\/articles\/CBMinAFBVV95cUxNNTI5dlUwRmdUcEhPRTc2QWd6dXpud3F2Wm15emd1NXd4WkU4bGp4SWRnT1RoS09LRmtjamFWSWhYVTBJZ0Y3Q3hqMnFOaTNLS2VYQk5pNWVRLS1JU0wwcXd0Z3lfelFFY2hTaDlqVVpkQTBuWHk4dDBBcy1UOG00WlBqVkRMcE9XUlR2cU1iVXg0LS1BWUpLb0tuTjk?oc=5\" target=\"_blank\" rel=\"nofollow noopener\">Man befaras d\u00f6d efter stugbrand i \u00d6vre Soppero<\/a>&nbsp;&nbsp;Kuriren<\/li>\n<\/ol>\n","protected":false},"excerpt":{"rendered":"20 december 07.20, Sammanfattning natt, Norrbottens l\u00e4n&nbsp;&nbsp;polisen.se Polisens tekniker p\u00e5 plats vid eldh\u00e4rjade stugan&nbsp;&nbsp;NSD Man befaras d\u00f6d efter&hellip;\n","protected":false},"author":2,"featured_media":54,"comment_status":"","ping_status":"","sticky":false,"template":"","format":"standard","meta":{"footnotes":""},"categories":[12],"tags":[22,23,26,27,17,21,24,25,28,29,15,16,18,34,31,33,32,30,19,20],"class_list":{"0":"post-113011","1":"post","2":"type-post","3":"status-publish","4":"format-standard","5":"has-post-thumbnail","7":"category-sverige","8":"tag-breaking-news","9":"tag-breakingnews","10":"tag-featured-news","11":"tag-featurednews","12":"tag-headlines","13":"tag-huvudnyheter","14":"tag-latest-news","15":"tag-latestnews","16":"tag-main-news","17":"tag-mainnews","18":"tag-news","19":"tag-nyheter","20":"tag-rubriker","21":"tag-se","22":"tag-svenska","23":"tag-sverige","24":"tag-sweden","25":"tag-swedish","26":"tag-top-stories","27":"tag-topstories"},"share_on_mastodon":{"url":"https:\/\/pubeurope.com\/@se\/115758650789051350","error":""},"_links":{"self":[{"href":"https:\/\/www.europesays.com\/se\/wp-json\/wp\/v2\/posts\/113011","targetHints":{"allow":["GET"]}}],"collection":[{"href":"https:\/\/www.europesays.com\/se\/wp-json\/wp\/v2\/posts"}],"about":[{"href":"https:\/\/www.europesays.com\/se\/wp-json\/wp\/v2\/types\/post"}],"author":[{"embeddable":true,"href":"https:\/\/www.europesays.com\/se\/wp-json\/wp\/v2\/users\/2"}],"replies":[{"embeddable":true,"href":"https:\/\/www.europesays.com\/se\/wp-json\/wp\/v2\/comments?post=113011"}],"version-history":[{"count":0,"href":"https:\/\/www.europesays.com\/se\/wp-json\/wp\/v2\/posts\/113011\/revisions"}],"wp:featuredmedia":[{"embeddable":true,"href":"https:\/\/www.europesays.com\/se\/wp-json\/wp\/v2\/media\/54"}],"wp:attachment":[{"href":"https:\/\/www.europesays.com\/se\/wp-json\/wp\/v2\/media?parent=113011"}],"wp:term":[{"taxonomy":"category","embeddable":true,"href":"https:\/\/www.europesays.com\/se\/wp-json\/wp\/v2\/categories?post=113011"},{"taxonomy":"post_tag","embeddable":true,"href":"https:\/\/www.europesays.com\/se\/wp-json\/wp\/v2\/tags?post=113011"}],"curies":[{"name":"wp","href":"https:\/\/api.w.org\/{rel}","templated":true}]}}